{"id":54236,"date":"2022-09-13T06:49:00","date_gmt":"2022-09-13T04:49:00","guid":{"rendered":"https:\/\/2022.q-lite.com\/blog-fr\/salon-mobility-5-et-6-octobre\/"},"modified":"2023-01-11T13:28:31","modified_gmt":"2023-01-11T13:28:31","slug":"salon-mobility-5-et-6-octobre","status":"publish","type":"post","link":"https:\/\/www.q-lite.com\/fr\/blog\/salon-mobility-5-et-6-octobre\/","title":{"rendered":"Salon Mobility 5 et 6 octobre"},"content":{"rendered":"\t\t<div data-elementor-type=\"wp-post\" data-elementor-id=\"54236\" class=\"elementor elementor-54236 elementor-45321\" data-elementor-post-type=\"post\">\n\t\t\t\t\t\t<section class=\"elementor-section elementor-top-section elementor-element elementor-element-7e1fb78 elementor-section-boxed elementor-section-height-default elementor-section-height-default\" data-id=\"7e1fb78\" data-element_type=\"section\" data-e-type=\"section\">\n\t\t\t\t\t\t<div class=\"elementor-container elementor-column-gap-default\">\n\t\t\t\t\t<div class=\"elementor-column elementor-col-100 elementor-top-column elementor-element elementor-element-9a406cc\" data-id=\"9a406cc\" data-element_type=\"column\" data-e-type=\"column\">\n\t\t\t<div class=\"elementor-widget-wrap elementor-element-populated\">\n\t\t\t\t\t\t<div class=\"elementor-element elementor-element-444e9b0 elementor-widget elementor-widget-image\" data-id=\"444e9b0\" data-element_type=\"widget\" data-e-type=\"widget\" data-widget_type=\"image.default\">\n\t\t\t\t<div class=\"elementor-widget-container\">\n\t\t\t\t\t\t\t\t\t\t\t\t\t\t\t<img fetchpriority=\"high\" decoding=\"async\" width=\"1225\" height=\"772\" src=\"https:\/\/www.q-lite.com\/wp-content\/uploads\/2022\/09\/social-post-vakbeurs-mobiliteit_v02.jpg\" class=\"attachment-full size-full wp-image-52332\" alt=\"Banner Vakbeurs mobiliteit 2022\" srcset=\"https:\/\/www.q-lite.com\/wp-content\/uploads\/2022\/09\/social-post-vakbeurs-mobiliteit_v02.jpg 1225w, https:\/\/www.q-lite.com\/wp-content\/uploads\/2022\/09\/social-post-vakbeurs-mobiliteit_v02-300x189.jpg 300w, https:\/\/www.q-lite.com\/wp-content\/uploads\/2022\/09\/social-post-vakbeurs-mobiliteit_v02-1024x645.jpg 1024w, https:\/\/www.q-lite.com\/wp-content\/uploads\/2022\/09\/social-post-vakbeurs-mobiliteit_v02-768x484.jpg 768w\" sizes=\"(max-width: 1225px) 100vw, 1225px\" \/>\t\t\t\t\t\t\t\t\t\t\t\t\t\t\t<\/div>\n\t\t\t\t<\/div>\n\t\t\t\t\t<\/div>\n\t\t<\/div>\n\t\t\t\t\t<\/div>\n\t\t<\/section>\n\t\t\t\t<section class=\"elementor-section elementor-top-section elementor-element elementor-element-eddd826 elementor-section-boxed elementor-section-height-default elementor-section-height-default\" data-id=\"eddd826\" data-element_type=\"section\" data-e-type=\"section\">\n\t\t\t\t\t\t<div class=\"elementor-container elementor-column-gap-default\">\n\t\t\t\t\t<div class=\"elementor-column elementor-col-100 elementor-top-column elementor-element elementor-element-6aad4e3\" data-id=\"6aad4e3\" data-element_type=\"column\" data-e-type=\"column\">\n\t\t\t<div class=\"elementor-widget-wrap elementor-element-populated\">\n\t\t\t\t\t\t<div class=\"elementor-element elementor-element-95dfdc4 elementor-widget elementor-widget-text-editor\" data-id=\"95dfdc4\" data-element_type=\"widget\" data-e-type=\"widget\" data-widget_type=\"text-editor.default\">\n\t\t\t\t<div class=\"elementor-widget-container\">\n\t\t\t\t\t\t\t\t\t<p>Nous serons pr\u00e9sents au salon Mobility les 5 et 6 octobre et nous serions ravis d&rsquo;\u00e9changer avec vous sur la s\u00e9curit\u00e9 routi\u00e8re et l&rsquo;impact de nos syst\u00e8mes. Enregistrez votre carte gratuite <a href=\"https:\/\/registration.gesevent.com\/survey\/1evrx0amfh2tj\" target=\"_blank\" rel=\"noopener\">ici<\/a> et consultez le <a href=\"https:\/\/vakbeursmobiliteit.nl\/\" target=\"_blank\" rel=\"noopener\">site Web g\u00e9n\u00e9ral<\/a> pour plus d&rsquo;informations.<\/p>\n\t\t\t\t\t\t\t\t<\/div>\n\t\t\t\t<\/div>\n\t\t\t\t<div class=\"elementor-element elementor-element-b79a3c5 elementor-widget elementor-widget-button\" data-id=\"b79a3c5\" data-element_type=\"widget\" data-e-type=\"widget\" data-widget_type=\"button.default\">\n\t\t\t\t<div class=\"elementor-widget-container\">\n\t\t\t\t\t\t\t\t\t<div class=\"elementor-button-wrapper\">\n\t\t\t\t\t<a class=\"elementor-button elementor-button-link elementor-size-sm\" href=\"https:\/\/registration.gesevent.com\/survey\/1evrx0amfh2tj\">\n\t\t\t\t\t\t<span class=\"elementor-button-content-wrapper\">\n\t\t\t\t\t\t\t\t\t<span class=\"elementor-button-text\">Enregistrez votre billet gratuit ici<\/span>\n\t\t\t\t\t<\/span>\n\t\t\t\t\t<\/a>\n\t\t\t\t<\/div>\n\t\t\t\t\t\t\t\t<\/div>\n\t\t\t\t<\/div>\n\t\t\t\t\t<\/div>\n\t\t<\/div>\n\t\t\t\t\t<\/div>\n\t\t<\/section>\n\t\t\t\t<section class=\"elementor-section elementor-top-section elementor-element elementor-element-c10abc4 elementor-section-boxed elementor-section-height-default elementor-section-height-default\" data-id=\"c10abc4\" data-element_type=\"section\" data-e-type=\"section\">\n\t\t\t\t\t\t<div class=\"elementor-container elementor-column-gap-default\">\n\t\t\t\t\t<div class=\"elementor-column elementor-col-100 elementor-top-column elementor-element elementor-element-8dda51f\" data-id=\"8dda51f\" data-element_type=\"column\" data-e-type=\"column\">\n\t\t\t<div class=\"elementor-widget-wrap elementor-element-populated\">\n\t\t\t\t\t\t<div class=\"elementor-element elementor-element-5f243e0 elementor-widget elementor-widget-heading\" data-id=\"5f243e0\" data-element_type=\"widget\" data-e-type=\"widget\" data-widget_type=\"heading.default\">\n\t\t\t\t<div class=\"elementor-widget-container\">\n\t\t\t\t\t<h2 class=\"elementor-heading-title elementor-size-default\">La s\u00e9curit\u00e9 routi\u00e8re gr\u00e2ce \u00e0 des vitesses dynamiques et des incitations positives<\/h2>\t\t\t\t<\/div>\n\t\t\t\t<\/div>\n\t\t\t\t\t<\/div>\n\t\t<\/div>\n\t\t\t\t\t<\/div>\n\t\t<\/section>\n\t\t\t\t<section class=\"elementor-section elementor-top-section elementor-element elementor-element-8506cae elementor-section-boxed elementor-section-height-default elementor-section-height-default\" data-id=\"8506cae\" data-element_type=\"section\" data-e-type=\"section\">\n\t\t\t\t\t\t<div class=\"elementor-container elementor-column-gap-default\">\n\t\t\t\t\t<div class=\"elementor-column elementor-col-50 elementor-top-column elementor-element elementor-element-6db09ef\" data-id=\"6db09ef\" data-element_type=\"column\" data-e-type=\"column\">\n\t\t\t<div class=\"elementor-widget-wrap elementor-element-populated\">\n\t\t\t\t\t\t<div class=\"elementor-element elementor-element-9924885 elementor-widget elementor-widget-text-editor\" data-id=\"9924885\" data-element_type=\"widget\" data-e-type=\"widget\" data-widget_type=\"text-editor.default\">\n\t\t\t\t<div class=\"elementor-widget-container\">\n\t\t\t\t\t\t\t\t\t<p>Dans les villes et les municipalit\u00e9s, nous constatons une attention croissante \u00e0 la s\u00e9curit\u00e9 routi\u00e8re et en particulier \u00e0 l&rsquo;utilisation des zones de 30 kilom\u00e8tres. De plus en plus de villes r\u00e9clament que la vitesse \u00e0 30 kilom\u00e8tres devienne la norme dans les agglom\u00e9rations. Cela montre clairement l&rsquo;\u00e9volution en cours.<\/p>\n<p>Cette \u00e9volution n&rsquo;est pas surprenante si l&rsquo;on consid\u00e8re les nombreuses \u00e9tudes r\u00e9alis\u00e9es dans le domaine de la s\u00e9curit\u00e9 routi\u00e8re. Par exemple, ils montrent clairement que le taux d&rsquo;accidents augmente \u00e0 mesure que la vitesse augmente. Et certainement pour les usagers de la route vuln\u00e9rables, tels que les pi\u00e9tons et les cyclistes, cela peut avoir des cons\u00e9quences majeures.<\/p>\n<p>Q-lite propose aux villes et communes diverses solutions pour accro\u00eetre la s\u00e9curit\u00e9 routi\u00e8re. Nous fournissons un certain nombre de solutions standard, mais nous sommes \u00e9galement heureux de r\u00e9fl\u00e9chir avec vous \u00e0 une solution sp\u00e9cifique \u00e0 votre situation. Et tout cela conform\u00e9ment aux exigences et r\u00e9glementations nationales et europ\u00e9ennes (NEN12966) applicables.<\/p>\t\t\t\t\t\t\t\t<\/div>\n\t\t\t\t<\/div>\n\t\t\t\t\t<\/div>\n\t\t<\/div>\n\t\t\t\t<div class=\"elementor-column elementor-col-50 elementor-top-column elementor-element elementor-element-061a1b9\" data-id=\"061a1b9\" data-element_type=\"column\" data-e-type=\"column\">\n\t\t\t<div class=\"elementor-widget-wrap elementor-element-populated\">\n\t\t\t\t\t\t<div class=\"elementor-element elementor-element-f9c8d07 elementor-widget elementor-widget-image\" data-id=\"f9c8d07\" data-element_type=\"widget\" data-e-type=\"widget\" data-widget_type=\"image.default\">\n\t\t\t\t<div class=\"elementor-widget-container\">\n\t\t\t\t\t\t\t\t\t\t\t\t\t\t\t<img decoding=\"async\" width=\"800\" height=\"800\" src=\"https:\/\/www.q-lite.com\/wp-content\/uploads\/2021\/03\/led-display-deinze-zone-30-trafiroad-4-1024x1024.jpg\" class=\"attachment-large size-large wp-image-51432\" alt=\"\" srcset=\"https:\/\/www.q-lite.com\/wp-content\/uploads\/2021\/03\/led-display-deinze-zone-30-trafiroad-4-1024x1024.jpg 1024w, https:\/\/www.q-lite.com\/wp-content\/uploads\/2021\/03\/led-display-deinze-zone-30-trafiroad-4-300x300.jpg 300w, https:\/\/www.q-lite.com\/wp-content\/uploads\/2021\/03\/led-display-deinze-zone-30-trafiroad-4-150x150.jpg 150w, https:\/\/www.q-lite.com\/wp-content\/uploads\/2021\/03\/led-display-deinze-zone-30-trafiroad-4-768x768.jpg 768w, https:\/\/www.q-lite.com\/wp-content\/uploads\/2021\/03\/led-display-deinze-zone-30-trafiroad-4.jpg 1296w\" sizes=\"(max-width: 800px) 100vw, 800px\" \/>\t\t\t\t\t\t\t\t\t\t\t\t\t\t\t<\/div>\n\t\t\t\t<\/div>\n\t\t\t\t\t<\/div>\n\t\t<\/div>\n\t\t\t\t\t<\/div>\n\t\t<\/section>\n\t\t\t\t<section class=\"elementor-section elementor-top-section elementor-element elementor-element-a02618f elementor-section-boxed elementor-section-height-default elementor-section-height-default\" data-id=\"a02618f\" data-element_type=\"section\" data-e-type=\"section\">\n\t\t\t\t\t\t<div class=\"elementor-container elementor-column-gap-default\">\n\t\t\t\t\t<div class=\"elementor-column elementor-col-50 elementor-top-column elementor-element elementor-element-7f9dac5\" data-id=\"7f9dac5\" data-element_type=\"column\" data-e-type=\"column\">\n\t\t\t<div class=\"elementor-widget-wrap elementor-element-populated\">\n\t\t\t\t\t\t<div class=\"elementor-element elementor-element-b245cea elementor-widget elementor-widget-image\" data-id=\"b245cea\" data-element_type=\"widget\" data-e-type=\"widget\" data-widget_type=\"image.default\">\n\t\t\t\t<div class=\"elementor-widget-container\">\n\t\t\t\t\t\t\t\t\t\t\t\t\t\t\t<img decoding=\"async\" width=\"800\" height=\"534\" src=\"https:\/\/www.q-lite.com\/wp-content\/uploads\/2020\/07\/qlite-led-display-zone-30-50-70-1024x683.jpg\" class=\"attachment-large size-large wp-image-50914\" alt=\"\" srcset=\"https:\/\/www.q-lite.com\/wp-content\/uploads\/2020\/07\/qlite-led-display-zone-30-50-70-1024x683.jpg 1024w, https:\/\/www.q-lite.com\/wp-content\/uploads\/2020\/07\/qlite-led-display-zone-30-50-70-300x200.jpg 300w, https:\/\/www.q-lite.com\/wp-content\/uploads\/2020\/07\/qlite-led-display-zone-30-50-70-768x512.jpg 768w, https:\/\/www.q-lite.com\/wp-content\/uploads\/2020\/07\/qlite-led-display-zone-30-50-70-1536x1024.jpg 1536w, https:\/\/www.q-lite.com\/wp-content\/uploads\/2020\/07\/qlite-led-display-zone-30-50-70.jpg 1920w\" sizes=\"(max-width: 800px) 100vw, 800px\" \/>\t\t\t\t\t\t\t\t\t\t\t\t\t\t\t<\/div>\n\t\t\t\t<\/div>\n\t\t\t\t\t<\/div>\n\t\t<\/div>\n\t\t\t\t<div class=\"elementor-column elementor-col-50 elementor-top-column elementor-element elementor-element-e867347\" data-id=\"e867347\" data-element_type=\"column\" data-e-type=\"column\">\n\t\t\t<div class=\"elementor-widget-wrap elementor-element-populated\">\n\t\t\t\t\t\t<div class=\"elementor-element elementor-element-ce9426f elementor-widget elementor-widget-heading\" data-id=\"ce9426f\" data-element_type=\"widget\" data-e-type=\"widget\" data-widget_type=\"heading.default\">\n\t\t\t\t<div class=\"elementor-widget-container\">\n\t\t\t\t\t<h2 class=\"elementor-heading-title elementor-size-default\">Affichage zone 30<\/h2>\t\t\t\t<\/div>\n\t\t\t\t<\/div>\n\t\t\t\t<div class=\"elementor-element elementor-element-3f79671 elementor-widget elementor-widget-text-editor\" data-id=\"3f79671\" data-element_type=\"widget\" data-e-type=\"widget\" data-widget_type=\"text-editor.default\">\n\t\t\t\t<div class=\"elementor-widget-container\">\n\t\t\t\t\t\t\t\t\t<p>Les panneaux de signalisation sp\u00e9ciale zone 30 informent et alertent les usagers de la route de la pr\u00e9sence d&rsquo;une zone de 30 kilom\u00e8tres.<\/p>\n\t\t\t\t\t\t\t\t<\/div>\n\t\t\t\t<\/div>\n\t\t\t\t\t<\/div>\n\t\t<\/div>\n\t\t\t\t\t<\/div>\n\t\t<\/section>\n\t\t\t\t<section class=\"elementor-section elementor-top-section elementor-element elementor-element-e1946c6 elementor-section-boxed elementor-section-height-default elementor-section-height-default\" data-id=\"e1946c6\" data-element_type=\"section\" data-e-type=\"section\">\n\t\t\t\t\t\t<div class=\"elementor-container elementor-column-gap-default\">\n\t\t\t\t\t<div class=\"elementor-column elementor-col-50 elementor-top-column elementor-element elementor-element-8f9aeb0\" data-id=\"8f9aeb0\" data-element_type=\"column\" data-e-type=\"column\">\n\t\t\t<div class=\"elementor-widget-wrap elementor-element-populated\">\n\t\t\t\t\t\t<div class=\"elementor-element elementor-element-74a5cec elementor-widget elementor-widget-heading\" data-id=\"74a5cec\" data-element_type=\"widget\" data-e-type=\"widget\" data-widget_type=\"heading.default\">\n\t\t\t\t<div class=\"elementor-widget-container\">\n\t\t\t\t\t<h2 class=\"elementor-heading-title elementor-size-default\">Affichages dynamiques de la vitesse<\/h2>\t\t\t\t<\/div>\n\t\t\t\t<\/div>\n\t\t\t\t<div class=\"elementor-element elementor-element-f8e115c elementor-widget elementor-widget-text-editor\" data-id=\"f8e115c\" data-element_type=\"widget\" data-e-type=\"widget\" data-widget_type=\"text-editor.default\">\n\t\t\t\t<div class=\"elementor-widget-container\">\n\t\t\t\t\t\t\t\t\t<p>Les solutions d&rsquo;affichage dynamique de la vitesse offrent la possibilit\u00e9 de faire varier la vitesse dans des zones sp\u00e9cifiques. Par exemple, une limite de vitesse temporaire de 30 kilom\u00e8tres par heure peut \u00eatre appliqu\u00e9e \u00e0 des moments pr\u00e9cis (par exemple lorsqu&rsquo;il y a beaucoup de circulation scolaire).<\/p>\n\t\t\t\t\t\t\t\t<\/div>\n\t\t\t\t<\/div>\n\t\t\t\t\t<\/div>\n\t\t<\/div>\n\t\t\t\t<div class=\"elementor-column elementor-col-50 elementor-top-column elementor-element elementor-element-d48ac27\" data-id=\"d48ac27\" data-element_type=\"column\" data-e-type=\"column\">\n\t\t\t<div class=\"elementor-widget-wrap elementor-element-populated\">\n\t\t\t\t\t\t<div class=\"elementor-element elementor-element-51e33f6 elementor-widget elementor-widget-image\" data-id=\"51e33f6\" data-element_type=\"widget\" data-e-type=\"widget\" data-widget_type=\"image.default\">\n\t\t\t\t<div class=\"elementor-widget-container\">\n\t\t\t\t\t\t\t\t\t\t\t\t\t\t\t<img loading=\"lazy\" decoding=\"async\" width=\"800\" height=\"600\" src=\"https:\/\/www.q-lite.com\/wp-content\/uploads\/2019\/11\/safetysafe-snelheidsmeterspaarpot-dynamisch-verkeersbord-1024x768.jpg\" class=\"attachment-large size-large wp-image-50116\" alt=\"\" srcset=\"https:\/\/www.q-lite.com\/wp-content\/uploads\/2019\/11\/safetysafe-snelheidsmeterspaarpot-dynamisch-verkeersbord-1024x768.jpg 1024w, https:\/\/www.q-lite.com\/wp-content\/uploads\/2019\/11\/safetysafe-snelheidsmeterspaarpot-dynamisch-verkeersbord-300x225.jpg 300w, https:\/\/www.q-lite.com\/wp-content\/uploads\/2019\/11\/safetysafe-snelheidsmeterspaarpot-dynamisch-verkeersbord-768x576.jpg 768w, https:\/\/www.q-lite.com\/wp-content\/uploads\/2019\/11\/safetysafe-snelheidsmeterspaarpot-dynamisch-verkeersbord-1536x1152.jpg 1536w, https:\/\/www.q-lite.com\/wp-content\/uploads\/2019\/11\/safetysafe-snelheidsmeterspaarpot-dynamisch-verkeersbord.jpg 1920w\" sizes=\"(max-width: 800px) 100vw, 800px\" \/>\t\t\t\t\t\t\t\t\t\t\t\t\t\t\t<\/div>\n\t\t\t\t<\/div>\n\t\t\t\t\t<\/div>\n\t\t<\/div>\n\t\t\t\t\t<\/div>\n\t\t<\/section>\n\t\t\t\t<section class=\"elementor-section elementor-top-section elementor-element elementor-element-9671847 elementor-section-boxed elementor-section-height-default elementor-section-height-default\" data-id=\"9671847\" data-element_type=\"section\" data-e-type=\"section\">\n\t\t\t\t\t\t<div class=\"elementor-container elementor-column-gap-default\">\n\t\t\t\t\t<div class=\"elementor-column elementor-col-50 elementor-top-column elementor-element elementor-element-442507b\" data-id=\"442507b\" data-element_type=\"column\" data-e-type=\"column\">\n\t\t\t<div class=\"elementor-widget-wrap elementor-element-populated\">\n\t\t\t\t\t\t<div class=\"elementor-element elementor-element-40f2901 elementor-widget elementor-widget-image\" data-id=\"40f2901\" data-element_type=\"widget\" data-e-type=\"widget\" data-widget_type=\"image.default\">\n\t\t\t\t<div class=\"elementor-widget-container\">\n\t\t\t\t\t\t\t\t\t\t\t\t\t\t\t<img loading=\"lazy\" decoding=\"async\" width=\"800\" height=\"450\" src=\"https:\/\/www.q-lite.com\/wp-content\/uploads\/2021\/03\/safety-safe-speedsign-max-30-km-1024x576.jpg\" class=\"attachment-large size-large wp-image-51428\" alt=\"De Safety-safe zorgt voor minder hardrijders en meer sociale cohesie\" srcset=\"https:\/\/www.q-lite.com\/wp-content\/uploads\/2021\/03\/safety-safe-speedsign-max-30-km-1024x576.jpg 1024w, https:\/\/www.q-lite.com\/wp-content\/uploads\/2021\/03\/safety-safe-speedsign-max-30-km-300x169.jpg 300w, https:\/\/www.q-lite.com\/wp-content\/uploads\/2021\/03\/safety-safe-speedsign-max-30-km-768x432.jpg 768w, https:\/\/www.q-lite.com\/wp-content\/uploads\/2021\/03\/safety-safe-speedsign-max-30-km-1536x864.jpg 1536w, https:\/\/www.q-lite.com\/wp-content\/uploads\/2021\/03\/safety-safe-speedsign-max-30-km.jpg 1920w\" sizes=\"(max-width: 800px) 100vw, 800px\" \/>\t\t\t\t\t\t\t\t\t\t\t\t\t\t\t<\/div>\n\t\t\t\t<\/div>\n\t\t\t\t<div class=\"elementor-element elementor-element-98f1819 elementor-widget elementor-widget-spacer\" data-id=\"98f1819\" data-element_type=\"widget\" data-e-type=\"widget\" data-widget_type=\"spacer.default\">\n\t\t\t\t<div class=\"elementor-widget-container\">\n\t\t\t\t\t\t\t<div class=\"elementor-spacer\">\n\t\t\t<div class=\"elementor-spacer-inner\"><\/div>\n\t\t<\/div>\n\t\t\t\t\t\t<\/div>\n\t\t\t\t<\/div>\n\t\t\t\t\t<\/div>\n\t\t<\/div>\n\t\t\t\t<div class=\"elementor-column elementor-col-50 elementor-top-column elementor-element elementor-element-92ce076\" data-id=\"92ce076\" data-element_type=\"column\" data-e-type=\"column\">\n\t\t\t<div class=\"elementor-widget-wrap elementor-element-populated\">\n\t\t\t\t\t\t<div class=\"elementor-element elementor-element-25807d6 elementor-widget elementor-widget-heading\" data-id=\"25807d6\" data-element_type=\"widget\" data-e-type=\"widget\" data-widget_type=\"heading.default\">\n\t\t\t\t<div class=\"elementor-widget-container\">\n\t\t\t\t\t<h2 class=\"elementor-heading-title elementor-size-default\">s\u00e9curit\u00e9<\/h2>\t\t\t\t<\/div>\n\t\t\t\t<\/div>\n\t\t\t\t<div class=\"elementor-element elementor-element-bdc9667 elementor-widget elementor-widget-text-editor\" data-id=\"bdc9667\" data-element_type=\"widget\" data-e-type=\"widget\" data-widget_type=\"text-editor.default\">\n\t\t\t\t<div class=\"elementor-widget-container\">\n\t\t\t\t\t\t\t\t\t<p>Avec le concept unique du Safety safe, les automobilistes sont positivement incit\u00e9s \u00e0 rouler moins vite. Cela se traduit par 25% de speeders en moins. <a href=\"https:\/\/www.q-lite.com\/nl\/oplossingen\/verkeer\/safety-safe\/\">En savoir plus sur ce concept ici.<\/a><\/p>\n\t\t\t\t\t\t\t\t<\/div>\n\t\t\t\t<\/div>\n\t\t\t\t\t<\/div>\n\t\t<\/div>\n\t\t\t\t\t<\/div>\n\t\t<\/section>\n\t\t\t\t<section class=\"elementor-section elementor-top-section elementor-element elementor-element-b5d0165 elementor-section-boxed elementor-section-height-default elementor-section-height-default\" data-id=\"b5d0165\" data-element_type=\"section\" data-e-type=\"section\" data-settings=\"{&quot;background_background&quot;:&quot;classic&quot;}\">\n\t\t\t\t\t\t<div class=\"elementor-container elementor-column-gap-default\">\n\t\t\t\t\t<div class=\"elementor-column elementor-col-25 elementor-top-column elementor-element elementor-element-3043f47\" data-id=\"3043f47\" data-element_type=\"column\" data-e-type=\"column\" data-settings=\"{&quot;background_background&quot;:&quot;classic&quot;}\">\n\t\t\t<div class=\"elementor-widget-wrap elementor-element-populated\">\n\t\t\t\t\t\t<div class=\"elementor-element elementor-element-23134a2 elementor-widget elementor-widget-image\" data-id=\"23134a2\" data-element_type=\"widget\" data-e-type=\"widget\" data-widget_type=\"image.default\">\n\t\t\t\t<div class=\"elementor-widget-container\">\n\t\t\t\t\t\t\t\t\t\t\t\t\t\t\t<img loading=\"lazy\" decoding=\"async\" width=\"150\" height=\"150\" src=\"https:\/\/www.q-lite.com\/wp-content\/uploads\/2021\/02\/QLI_Personeelsfotos_15_03_2022_Social-Web_18-150x150.jpg\" class=\"attachment-thumbnail size-thumbnail wp-image-52042\" alt=\"\" srcset=\"https:\/\/www.q-lite.com\/wp-content\/uploads\/2021\/02\/QLI_Personeelsfotos_15_03_2022_Social-Web_18-150x150.jpg 150w, https:\/\/www.q-lite.com\/wp-content\/uploads\/2021\/02\/QLI_Personeelsfotos_15_03_2022_Social-Web_18-300x300.jpg 300w, https:\/\/www.q-lite.com\/wp-content\/uploads\/2021\/02\/QLI_Personeelsfotos_15_03_2022_Social-Web_18-1024x1024.jpg 1024w, https:\/\/www.q-lite.com\/wp-content\/uploads\/2021\/02\/QLI_Personeelsfotos_15_03_2022_Social-Web_18-768x768.jpg 768w, https:\/\/www.q-lite.com\/wp-content\/uploads\/2021\/02\/QLI_Personeelsfotos_15_03_2022_Social-Web_18-1536x1536.jpg 1536w, https:\/\/www.q-lite.com\/wp-content\/uploads\/2021\/02\/QLI_Personeelsfotos_15_03_2022_Social-Web_18.jpg 1920w\" sizes=\"(max-width: 150px) 100vw, 150px\" \/>\t\t\t\t\t\t\t\t\t\t\t\t\t\t\t<\/div>\n\t\t\t\t<\/div>\n\t\t\t\t\t<\/div>\n\t\t<\/div>\n\t\t\t\t<div class=\"elementor-column elementor-col-25 elementor-top-column elementor-element elementor-element-e09d7e7\" data-id=\"e09d7e7\" data-element_type=\"column\" data-e-type=\"column\" data-settings=\"{&quot;background_background&quot;:&quot;gradient&quot;}\">\n\t\t\t<div class=\"elementor-widget-wrap elementor-element-populated\">\n\t\t\t\t\t\t<div class=\"elementor-element elementor-element-feebd20 elementor-widget elementor-widget-text-editor\" data-id=\"feebd20\" data-element_type=\"widget\" data-e-type=\"widget\" data-widget_type=\"text-editor.default\">\n\t\t\t\t<div class=\"elementor-widget-container\">\n\t\t\t\t\t\t\t\t\t<p><strong>Jan van der Weijden<\/strong><br \/><a href=\"mailto:jan.,van.der.weijden@q-lite.com\">jan.van.der.weijden@q-lite.com<\/a><br \/><a href=\"tel:+31612898550\">+31 6 12 89 85 50<\/a><\/p>\n\t\t\t\t\t\t\t\t<\/div>\n\t\t\t\t<\/div>\n\t\t\t\t\t<\/div>\n\t\t<\/div>\n\t\t\t\t<div class=\"elementor-column elementor-col-25 elementor-top-column elementor-element elementor-element-1762961\" data-id=\"1762961\" data-element_type=\"column\" data-e-type=\"column\" data-settings=\"{&quot;background_background&quot;:&quot;classic&quot;}\">\n\t\t\t<div class=\"elementor-widget-wrap elementor-element-populated\">\n\t\t\t\t\t\t<div class=\"elementor-element elementor-element-8d6b362 elementor-widget elementor-widget-image\" data-id=\"8d6b362\" data-element_type=\"widget\" data-e-type=\"widget\" data-widget_type=\"image.default\">\n\t\t\t\t<div class=\"elementor-widget-container\">\n\t\t\t\t\t\t\t\t\t\t\t\t\t\t\t<img loading=\"lazy\" decoding=\"async\" width=\"150\" height=\"150\" src=\"https:\/\/www.q-lite.com\/wp-content\/uploads\/2022\/08\/wannes-150x150.jpg\" class=\"attachment-thumbnail size-thumbnail wp-image-52314\" alt=\"\" srcset=\"https:\/\/www.q-lite.com\/wp-content\/uploads\/2022\/08\/wannes-150x150.jpg 150w, https:\/\/www.q-lite.com\/wp-content\/uploads\/2022\/08\/wannes-300x300.jpg 300w, https:\/\/www.q-lite.com\/wp-content\/uploads\/2022\/08\/wannes-1024x1024.jpg 1024w, https:\/\/www.q-lite.com\/wp-content\/uploads\/2022\/08\/wannes-768x768.jpg 768w, https:\/\/www.q-lite.com\/wp-content\/uploads\/2022\/08\/wannes.jpg 1200w\" sizes=\"(max-width: 150px) 100vw, 150px\" \/>\t\t\t\t\t\t\t\t\t\t\t\t\t\t\t<\/div>\n\t\t\t\t<\/div>\n\t\t\t\t\t<\/div>\n\t\t<\/div>\n\t\t\t\t<div class=\"elementor-column elementor-col-25 elementor-top-column elementor-element elementor-element-47bf618\" data-id=\"47bf618\" data-element_type=\"column\" data-e-type=\"column\" data-settings=\"{&quot;background_background&quot;:&quot;gradient&quot;}\">\n\t\t\t<div class=\"elementor-widget-wrap elementor-element-populated\">\n\t\t\t\t\t\t<div class=\"elementor-element elementor-element-e04eecb elementor-widget elementor-widget-text-editor\" data-id=\"e04eecb\" data-element_type=\"widget\" data-e-type=\"widget\" data-widget_type=\"text-editor.default\">\n\t\t\t\t<div class=\"elementor-widget-container\">\n\t\t\t\t\t\t\t\t\t<p><strong>Wannes Gykiere<\/strong><br \/><a href=\"mailto:wannes.gykiere@q-lite.com\">wannes.gykiere@q-lite.com<\/a><br \/><a href=\"tel:+32472439649\">+32 4 72 43 96 49<\/a><\/p>\n\t\t\t\t\t\t\t\t<\/div>\n\t\t\t\t<\/div>\n\t\t\t\t\t<\/div>\n\t\t<\/div>\n\t\t\t\t\t<\/div>\n\t\t<\/section>\n\t\t\t\t<\/div>\n\t\t","protected":false},"excerpt":{"rendered":"<p>Nous serons pr\u00e9sents au salon Mobility les 5 et 6 octobre et nous serions ravis d&rsquo;\u00e9changer avec vous sur la s\u00e9curit\u00e9 routi\u00e8re et l&rsquo;impact de nos syst\u00e8mes. Enregistrez votre carte gratuite ici et consultez le site Web g\u00e9n\u00e9ral pour plus d&rsquo;informations. Enregistrez votre billet gratuit ici La s\u00e9curit\u00e9 routi\u00e8re gr\u00e2ce \u00e0 des vitesses dynamiques et [&hellip;]<\/p>\n","protected":false},"author":2,"featured_media":52332,"comment_status":"closed","ping_status":"closed","sticky":false,"template":"","format":"standard","meta":{"_acf_changed":false,"footnotes":""},"categories":[1],"tags":[],"class_list":["post-54236","post","type-post","status-publish","format-standard","has-post-thumbnail","hentry","category-blog"],"acf":[],"yoast_head":"<!-- This site is optimized with the Yoast SEO plugin v27.1.1 - https:\/\/yoast.com\/product\/yoast-seo-wordpress\/ -->\n<title>Salon Mobility 5 et 6 octobre | Q-lite<\/title>\n<meta name=\"robots\" content=\"index, follow, max-snippet:-1, max-image-preview:large, max-video-preview:-1\" \/>\n<link rel=\"canonical\" href=\"https:\/\/www.q-lite.com\/fr\/blog\/salon-mobility-5-et-6-octobre\/\" \/>\n<meta property=\"og:locale\" content=\"fr_FR\" \/>\n<meta property=\"og:type\" content=\"article\" \/>\n<meta property=\"og:title\" content=\"Salon Mobility 5 et 6 octobre | Q-lite\" \/>\n<meta property=\"og:description\" content=\"Nous serons pr\u00e9sents au salon Mobility les 5 et 6 octobre et nous serions ravis d&rsquo;\u00e9changer avec vous sur la s\u00e9curit\u00e9 routi\u00e8re et l&rsquo;impact de nos syst\u00e8mes. Enregistrez votre carte gratuite ici et consultez le site Web g\u00e9n\u00e9ral pour plus d&rsquo;informations. Enregistrez votre billet gratuit ici La s\u00e9curit\u00e9 routi\u00e8re gr\u00e2ce \u00e0 des vitesses dynamiques et [&hellip;]\" \/>\n<meta property=\"og:url\" content=\"https:\/\/www.q-lite.com\/fr\/blog\/salon-mobility-5-et-6-octobre\/\" \/>\n<meta property=\"og:site_name\" content=\"Q-lite\" \/>\n<meta property=\"article:publisher\" content=\"https:\/\/www.facebook.com\/qlite.led\/\" \/>\n<meta property=\"article:published_time\" content=\"2022-09-13T04:49:00+00:00\" \/>\n<meta property=\"article:modified_time\" content=\"2023-01-11T13:28:31+00:00\" \/>\n<meta property=\"og:image\" content=\"https:\/\/www.q-lite.com\/wp-content\/uploads\/2022\/09\/social-post-vakbeurs-mobiliteit_v02.jpg\" \/>\n\t<meta property=\"og:image:width\" content=\"1225\" \/>\n\t<meta property=\"og:image:height\" content=\"772\" \/>\n\t<meta property=\"og:image:type\" content=\"image\/jpeg\" \/>\n<meta name=\"author\" content=\"inge\" \/>\n<meta name=\"twitter:card\" content=\"summary_large_image\" \/>\n<script type=\"application\/ld+json\" class=\"yoast-schema-graph\">{\"@context\":\"https:\/\/schema.org\",\"@graph\":[{\"@type\":\"Article\",\"@id\":\"https:\/\/www.q-lite.com\/fr\/blog\/salon-mobility-5-et-6-octobre\/#article\",\"isPartOf\":{\"@id\":\"https:\/\/www.q-lite.com\/fr\/blog\/salon-mobility-5-et-6-octobre\/\"},\"author\":{\"name\":\"inge\",\"@id\":\"https:\/\/www.q-lite.com\/fr\/#\/schema\/person\/1c22af3392fa273c8c36ae065bdec6c8\"},\"headline\":\"Salon Mobility 5 et 6 octobre\",\"datePublished\":\"2022-09-13T04:49:00+00:00\",\"dateModified\":\"2023-01-11T13:28:31+00:00\",\"mainEntityOfPage\":{\"@id\":\"https:\/\/www.q-lite.com\/fr\/blog\/salon-mobility-5-et-6-octobre\/\"},\"wordCount\":381,\"publisher\":{\"@id\":\"https:\/\/www.q-lite.com\/fr\/#organization\"},\"image\":{\"@id\":\"https:\/\/www.q-lite.com\/fr\/blog\/salon-mobility-5-et-6-octobre\/#primaryimage\"},\"thumbnailUrl\":\"https:\/\/www.q-lite.com\/wp-content\/uploads\/2022\/09\/social-post-vakbeurs-mobiliteit_v02.jpg\",\"articleSection\":[\"Blog\"],\"inLanguage\":\"fr-FR\"},{\"@type\":\"WebPage\",\"@id\":\"https:\/\/www.q-lite.com\/fr\/blog\/salon-mobility-5-et-6-octobre\/\",\"url\":\"https:\/\/www.q-lite.com\/fr\/blog\/salon-mobility-5-et-6-octobre\/\",\"name\":\"Salon Mobility 5 et 6 octobre | Q-lite\",\"isPartOf\":{\"@id\":\"https:\/\/www.q-lite.com\/fr\/#website\"},\"primaryImageOfPage\":{\"@id\":\"https:\/\/www.q-lite.com\/fr\/blog\/salon-mobility-5-et-6-octobre\/#primaryimage\"},\"image\":{\"@id\":\"https:\/\/www.q-lite.com\/fr\/blog\/salon-mobility-5-et-6-octobre\/#primaryimage\"},\"thumbnailUrl\":\"https:\/\/www.q-lite.com\/wp-content\/uploads\/2022\/09\/social-post-vakbeurs-mobiliteit_v02.jpg\",\"datePublished\":\"2022-09-13T04:49:00+00:00\",\"dateModified\":\"2023-01-11T13:28:31+00:00\",\"breadcrumb\":{\"@id\":\"https:\/\/www.q-lite.com\/fr\/blog\/salon-mobility-5-et-6-octobre\/#breadcrumb\"},\"inLanguage\":\"fr-FR\",\"potentialAction\":[{\"@type\":\"ReadAction\",\"target\":[\"https:\/\/www.q-lite.com\/fr\/blog\/salon-mobility-5-et-6-octobre\/\"]}]},{\"@type\":\"ImageObject\",\"inLanguage\":\"fr-FR\",\"@id\":\"https:\/\/www.q-lite.com\/fr\/blog\/salon-mobility-5-et-6-octobre\/#primaryimage\",\"url\":\"https:\/\/www.q-lite.com\/wp-content\/uploads\/2022\/09\/social-post-vakbeurs-mobiliteit_v02.jpg\",\"contentUrl\":\"https:\/\/www.q-lite.com\/wp-content\/uploads\/2022\/09\/social-post-vakbeurs-mobiliteit_v02.jpg\",\"width\":1225,\"height\":772,\"caption\":\"Banner Vakbeurs mobiliteit 2022\"},{\"@type\":\"BreadcrumbList\",\"@id\":\"https:\/\/www.q-lite.com\/fr\/blog\/salon-mobility-5-et-6-octobre\/#breadcrumb\",\"itemListElement\":[{\"@type\":\"ListItem\",\"position\":1,\"name\":\"Home\",\"item\":\"https:\/\/www.q-lite.com\/fr\/\"},{\"@type\":\"ListItem\",\"position\":2,\"name\":\"Salon Mobility 5 et 6 octobre\"}]},{\"@type\":\"WebSite\",\"@id\":\"https:\/\/www.q-lite.com\/fr\/#website\",\"url\":\"https:\/\/www.q-lite.com\/fr\/\",\"name\":\"Q-lite\",\"description\":\"The Smartest Kind of Attention\",\"publisher\":{\"@id\":\"https:\/\/www.q-lite.com\/fr\/#organization\"},\"potentialAction\":[{\"@type\":\"SearchAction\",\"target\":{\"@type\":\"EntryPoint\",\"urlTemplate\":\"https:\/\/www.q-lite.com\/fr\/?s={search_term_string}\"},\"query-input\":{\"@type\":\"PropertyValueSpecification\",\"valueRequired\":true,\"valueName\":\"search_term_string\"}}],\"inLanguage\":\"fr-FR\"},{\"@type\":\"Organization\",\"@id\":\"https:\/\/www.q-lite.com\/fr\/#organization\",\"name\":\"Q-lite\",\"url\":\"https:\/\/www.q-lite.com\/fr\/\",\"logo\":{\"@type\":\"ImageObject\",\"inLanguage\":\"fr-FR\",\"@id\":\"https:\/\/www.q-lite.com\/fr\/#\/schema\/logo\/image\/\",\"url\":\"https:\/\/www.q-lite.com\/wp-content\/uploads\/2020\/11\/Q-LITE-LOGO-RGB-background-gradient-baseline.png\",\"contentUrl\":\"https:\/\/www.q-lite.com\/wp-content\/uploads\/2020\/11\/Q-LITE-LOGO-RGB-background-gradient-baseline.png\",\"width\":1200,\"height\":900,\"caption\":\"Q-lite\"},\"image\":{\"@id\":\"https:\/\/www.q-lite.com\/fr\/#\/schema\/logo\/image\/\"},\"sameAs\":[\"https:\/\/www.facebook.com\/qlite.led\/\",\"https:\/\/www.instagram.com\/qlite.led\/\",\"https:\/\/www.linkedin.com\/company\/q-lite\/\",\"https:\/\/www.youtube.com\/@q-lite\"]},{\"@type\":\"Person\",\"@id\":\"https:\/\/www.q-lite.com\/fr\/#\/schema\/person\/1c22af3392fa273c8c36ae065bdec6c8\",\"name\":\"inge\",\"image\":{\"@type\":\"ImageObject\",\"inLanguage\":\"fr-FR\",\"@id\":\"https:\/\/www.q-lite.com\/fr\/#\/schema\/person\/image\/\",\"url\":\"https:\/\/secure.gravatar.com\/avatar\/49ea6e55fb6d303b686ec03e636cded618dbc908346cc9e81e17870df3d870f4?s=96&d=mm&r=g\",\"contentUrl\":\"https:\/\/secure.gravatar.com\/avatar\/49ea6e55fb6d303b686ec03e636cded618dbc908346cc9e81e17870df3d870f4?s=96&d=mm&r=g\",\"caption\":\"inge\"}}]}<\/script>\n<!-- \/ Yoast SEO plugin. -->","yoast_head_json":{"title":"Salon Mobility 5 et 6 octobre | Q-lite","robots":{"index":"index","follow":"follow","max-snippet":"max-snippet:-1","max-image-preview":"max-image-preview:large","max-video-preview":"max-video-preview:-1"},"canonical":"https:\/\/www.q-lite.com\/fr\/blog\/salon-mobility-5-et-6-octobre\/","og_locale":"fr_FR","og_type":"article","og_title":"Salon Mobility 5 et 6 octobre | Q-lite","og_description":"Nous serons pr\u00e9sents au salon Mobility les 5 et 6 octobre et nous serions ravis d&rsquo;\u00e9changer avec vous sur la s\u00e9curit\u00e9 routi\u00e8re et l&rsquo;impact de nos syst\u00e8mes. Enregistrez votre carte gratuite ici et consultez le site Web g\u00e9n\u00e9ral pour plus d&rsquo;informations. Enregistrez votre billet gratuit ici La s\u00e9curit\u00e9 routi\u00e8re gr\u00e2ce \u00e0 des vitesses dynamiques et [&hellip;]","og_url":"https:\/\/www.q-lite.com\/fr\/blog\/salon-mobility-5-et-6-octobre\/","og_site_name":"Q-lite","article_publisher":"https:\/\/www.facebook.com\/qlite.led\/","article_published_time":"2022-09-13T04:49:00+00:00","article_modified_time":"2023-01-11T13:28:31+00:00","og_image":[{"width":1225,"height":772,"url":"https:\/\/www.q-lite.com\/wp-content\/uploads\/2022\/09\/social-post-vakbeurs-mobiliteit_v02.jpg","type":"image\/jpeg"}],"author":"inge","twitter_card":"summary_large_image","schema":{"@context":"https:\/\/schema.org","@graph":[{"@type":"Article","@id":"https:\/\/www.q-lite.com\/fr\/blog\/salon-mobility-5-et-6-octobre\/#article","isPartOf":{"@id":"https:\/\/www.q-lite.com\/fr\/blog\/salon-mobility-5-et-6-octobre\/"},"author":{"name":"inge","@id":"https:\/\/www.q-lite.com\/fr\/#\/schema\/person\/1c22af3392fa273c8c36ae065bdec6c8"},"headline":"Salon Mobility 5 et 6 octobre","datePublished":"2022-09-13T04:49:00+00:00","dateModified":"2023-01-11T13:28:31+00:00","mainEntityOfPage":{"@id":"https:\/\/www.q-lite.com\/fr\/blog\/salon-mobility-5-et-6-octobre\/"},"wordCount":381,"publisher":{"@id":"https:\/\/www.q-lite.com\/fr\/#organization"},"image":{"@id":"https:\/\/www.q-lite.com\/fr\/blog\/salon-mobility-5-et-6-octobre\/#primaryimage"},"thumbnailUrl":"https:\/\/www.q-lite.com\/wp-content\/uploads\/2022\/09\/social-post-vakbeurs-mobiliteit_v02.jpg","articleSection":["Blog"],"inLanguage":"fr-FR"},{"@type":"WebPage","@id":"https:\/\/www.q-lite.com\/fr\/blog\/salon-mobility-5-et-6-octobre\/","url":"https:\/\/www.q-lite.com\/fr\/blog\/salon-mobility-5-et-6-octobre\/","name":"Salon Mobility 5 et 6 octobre | Q-lite","isPartOf":{"@id":"https:\/\/www.q-lite.com\/fr\/#website"},"primaryImageOfPage":{"@id":"https:\/\/www.q-lite.com\/fr\/blog\/salon-mobility-5-et-6-octobre\/#primaryimage"},"image":{"@id":"https:\/\/www.q-lite.com\/fr\/blog\/salon-mobility-5-et-6-octobre\/#primaryimage"},"thumbnailUrl":"https:\/\/www.q-lite.com\/wp-content\/uploads\/2022\/09\/social-post-vakbeurs-mobiliteit_v02.jpg","datePublished":"2022-09-13T04:49:00+00:00","dateModified":"2023-01-11T13:28:31+00:00","breadcrumb":{"@id":"https:\/\/www.q-lite.com\/fr\/blog\/salon-mobility-5-et-6-octobre\/#breadcrumb"},"inLanguage":"fr-FR","potentialAction":[{"@type":"ReadAction","target":["https:\/\/www.q-lite.com\/fr\/blog\/salon-mobility-5-et-6-octobre\/"]}]},{"@type":"ImageObject","inLanguage":"fr-FR","@id":"https:\/\/www.q-lite.com\/fr\/blog\/salon-mobility-5-et-6-octobre\/#primaryimage","url":"https:\/\/www.q-lite.com\/wp-content\/uploads\/2022\/09\/social-post-vakbeurs-mobiliteit_v02.jpg","contentUrl":"https:\/\/www.q-lite.com\/wp-content\/uploads\/2022\/09\/social-post-vakbeurs-mobiliteit_v02.jpg","width":1225,"height":772,"caption":"Banner Vakbeurs mobiliteit 2022"},{"@type":"BreadcrumbList","@id":"https:\/\/www.q-lite.com\/fr\/blog\/salon-mobility-5-et-6-octobre\/#breadcrumb","itemListElement":[{"@type":"ListItem","position":1,"name":"Home","item":"https:\/\/www.q-lite.com\/fr\/"},{"@type":"ListItem","position":2,"name":"Salon Mobility 5 et 6 octobre"}]},{"@type":"WebSite","@id":"https:\/\/www.q-lite.com\/fr\/#website","url":"https:\/\/www.q-lite.com\/fr\/","name":"Q-lite","description":"The Smartest Kind of Attention","publisher":{"@id":"https:\/\/www.q-lite.com\/fr\/#organization"},"potentialAction":[{"@type":"SearchAction","target":{"@type":"EntryPoint","urlTemplate":"https:\/\/www.q-lite.com\/fr\/?s={search_term_string}"},"query-input":{"@type":"PropertyValueSpecification","valueRequired":true,"valueName":"search_term_string"}}],"inLanguage":"fr-FR"},{"@type":"Organization","@id":"https:\/\/www.q-lite.com\/fr\/#organization","name":"Q-lite","url":"https:\/\/www.q-lite.com\/fr\/","logo":{"@type":"ImageObject","inLanguage":"fr-FR","@id":"https:\/\/www.q-lite.com\/fr\/#\/schema\/logo\/image\/","url":"https:\/\/www.q-lite.com\/wp-content\/uploads\/2020\/11\/Q-LITE-LOGO-RGB-background-gradient-baseline.png","contentUrl":"https:\/\/www.q-lite.com\/wp-content\/uploads\/2020\/11\/Q-LITE-LOGO-RGB-background-gradient-baseline.png","width":1200,"height":900,"caption":"Q-lite"},"image":{"@id":"https:\/\/www.q-lite.com\/fr\/#\/schema\/logo\/image\/"},"sameAs":["https:\/\/www.facebook.com\/qlite.led\/","https:\/\/www.instagram.com\/qlite.led\/","https:\/\/www.linkedin.com\/company\/q-lite\/","https:\/\/www.youtube.com\/@q-lite"]},{"@type":"Person","@id":"https:\/\/www.q-lite.com\/fr\/#\/schema\/person\/1c22af3392fa273c8c36ae065bdec6c8","name":"inge","image":{"@type":"ImageObject","inLanguage":"fr-FR","@id":"https:\/\/www.q-lite.com\/fr\/#\/schema\/person\/image\/","url":"https:\/\/secure.gravatar.com\/avatar\/49ea6e55fb6d303b686ec03e636cded618dbc908346cc9e81e17870df3d870f4?s=96&d=mm&r=g","contentUrl":"https:\/\/secure.gravatar.com\/avatar\/49ea6e55fb6d303b686ec03e636cded618dbc908346cc9e81e17870df3d870f4?s=96&d=mm&r=g","caption":"inge"}}]}},"_links":{"self":[{"href":"https:\/\/www.q-lite.com\/fr\/wp-json\/wp\/v2\/posts\/54236","targetHints":{"allow":["GET"]}}],"collection":[{"href":"https:\/\/www.q-lite.com\/fr\/wp-json\/wp\/v2\/posts"}],"about":[{"href":"https:\/\/www.q-lite.com\/fr\/wp-json\/wp\/v2\/types\/post"}],"author":[{"embeddable":true,"href":"https:\/\/www.q-lite.com\/fr\/wp-json\/wp\/v2\/users\/2"}],"replies":[{"embeddable":true,"href":"https:\/\/www.q-lite.com\/fr\/wp-json\/wp\/v2\/comments?post=54236"}],"version-history":[{"count":0,"href":"https:\/\/www.q-lite.com\/fr\/wp-json\/wp\/v2\/posts\/54236\/revisions"}],"wp:featuredmedia":[{"embeddable":true,"href":"https:\/\/www.q-lite.com\/fr\/wp-json\/wp\/v2\/media\/52332"}],"wp:attachment":[{"href":"https:\/\/www.q-lite.com\/fr\/wp-json\/wp\/v2\/media?parent=54236"}],"wp:term":[{"taxonomy":"category","embeddable":true,"href":"https:\/\/www.q-lite.com\/fr\/wp-json\/wp\/v2\/categories?post=54236"},{"taxonomy":"post_tag","embeddable":true,"href":"https:\/\/www.q-lite.com\/fr\/wp-json\/wp\/v2\/tags?post=54236"}],"curies":[{"name":"wp","href":"https:\/\/api.w.org\/{rel}","templated":true}]}}