{"id":54338,"date":"2021-12-08T10:08:00","date_gmt":"2021-12-08T09:08:00","guid":{"rendered":"https:\/\/2022.q-lite.com\/blog-fr\/la-ville-de-hoogstraten-opte-pour-les-ecrans-led-circulaires-de-q-lite\/"},"modified":"2023-01-13T09:27:40","modified_gmt":"2023-01-13T09:27:40","slug":"la-ville-de-hoogstraten-opte-pour-les-ecrans-led-circulaires-de-q-lite","status":"publish","type":"post","link":"https:\/\/www.q-lite.com\/fr\/blog\/la-ville-de-hoogstraten-opte-pour-les-ecrans-led-circulaires-de-q-lite\/","title":{"rendered":"La ville de Hoogstraten opte pour les \u00e9crans LED circulaires de Q-lite !"},"content":{"rendered":"\t\t<div data-elementor-type=\"wp-post\" data-elementor-id=\"54338\" class=\"elementor elementor-54338 elementor-42103\" data-elementor-post-type=\"post\">\n\t\t\t\t\t\t<section class=\"elementor-section elementor-top-section elementor-element elementor-element-1d2162c elementor-section-boxed elementor-section-height-default elementor-section-height-default\" data-id=\"1d2162c\" data-element_type=\"section\" data-e-type=\"section\">\n\t\t\t\t\t\t<div class=\"elementor-container elementor-column-gap-default\">\n\t\t\t\t\t<div class=\"elementor-column elementor-col-50 elementor-top-column elementor-element elementor-element-e55ca08\" data-id=\"e55ca08\" data-element_type=\"column\" data-e-type=\"column\">\n\t\t\t<div class=\"elementor-widget-wrap elementor-element-populated\">\n\t\t\t\t\t\t<div class=\"elementor-element elementor-element-5122abf elementor-widget elementor-widget-text-editor\" data-id=\"5122abf\" data-element_type=\"widget\" data-e-type=\"widget\" data-widget_type=\"text-editor.default\">\n\t\t\t\t<div class=\"elementor-widget-container\">\n\t\t\t\t\t\t\t\t\t<p>La ville de Hoogstraten a r\u00e9cemment pu communiquer de mani\u00e8re percutante dans tous les arrondissements via 7 <a href=\"https:\/\/www.q-lite.com\/nl\/oplossingen\/led-schermen\/outdoor\/\">\u00e9crans LED ext\u00e9rieurs<\/a> d&rsquo;une superficie de 2 m\u00e8tres carr\u00e9s par \u00e9cran.<br \/>Apr\u00e8s la commune de Rotselaar, la ville de Hoogstraten utilisera d\u00e9sormais \u00e9galement les \u00e9crans LED <a href=\"https:\/\/www.q-lite.com\/nl\/circulair\/\">circulaires<\/a> de Q-lite. En tant que 2\u00e8me ville de Flandre, ils le feront via le concept circulaire \u00ab\u00a0Display as a Service\u00a0\u00bb.<\/p>\n\t\t\t\t\t\t\t\t<\/div>\n\t\t\t\t<\/div>\n\t\t\t\t<div class=\"elementor-element elementor-element-2e599a8 elementor-widget elementor-widget-heading\" data-id=\"2e599a8\" data-element_type=\"widget\" data-e-type=\"widget\" data-widget_type=\"heading.default\">\n\t\t\t\t<div class=\"elementor-widget-container\">\n\t\t\t\t\t<h2 class=\"elementor-heading-title elementor-size-default\">6 ou 12 ans de durabilit\u00e9<\/h2>\t\t\t\t<\/div>\n\t\t\t\t<\/div>\n\t\t\t\t<div class=\"elementor-element elementor-element-a06117b elementor-widget elementor-widget-text-editor\" data-id=\"a06117b\" data-element_type=\"widget\" data-e-type=\"widget\" data-widget_type=\"text-editor.default\">\n\t\t\t\t<div class=\"elementor-widget-container\">\n\t\t\t\t\t\t\t\t\t<p>Le contrat <a href=\"https:\/\/www.q-lite.com\/nl\/diensten\/display-as-a-service\/\">&lsquo;Display as a Service&rsquo;<\/a> est conclu pour une dur\u00e9e de 6 ans. \u00c0 la fin de cette p\u00e9riode, la ville de Hoogstraten a la possibilit\u00e9 de prolonger le contrat pour une nouvelle p\u00e9riode de 6 ans, Q-lite mettant imm\u00e9diatement \u00e0 niveau l&rsquo;impression LED afin que la r\u00e9solution double presque. Tous les autres composants sont conserv\u00e9s avec cette mise \u00e0 niveau.<\/p>\n\t\t\t\t\t\t\t\t<\/div>\n\t\t\t\t<\/div>\n\t\t\t\t\t<\/div>\n\t\t<\/div>\n\t\t\t\t<div class=\"elementor-column elementor-col-50 elementor-top-column elementor-element elementor-element-3cb7251\" data-id=\"3cb7251\" data-element_type=\"column\" data-e-type=\"column\">\n\t\t\t<div class=\"elementor-widget-wrap elementor-element-populated\">\n\t\t\t\t\t\t<div class=\"elementor-element elementor-element-919439e elementor-widget elementor-widget-image\" data-id=\"919439e\" data-element_type=\"widget\" data-e-type=\"widget\" data-widget_type=\"image.default\">\n\t\t\t\t<div class=\"elementor-widget-container\">\n\t\t\t\t\t\t\t\t\t\t\t\t\t\t\t<img fetchpriority=\"high\" decoding=\"async\" width=\"800\" height=\"534\" src=\"https:\/\/www.q-lite.com\/wp-content\/uploads\/2021\/12\/stad-hoogstraten-led-scherm-4-1024x683.jpg\" class=\"attachment-large size-large wp-image-51788\" alt=\"Reclamescherm voor Stad Hoogstraten\" srcset=\"https:\/\/www.q-lite.com\/wp-content\/uploads\/2021\/12\/stad-hoogstraten-led-scherm-4-1024x683.jpg 1024w, https:\/\/www.q-lite.com\/wp-content\/uploads\/2021\/12\/stad-hoogstraten-led-scherm-4-300x200.jpg 300w, https:\/\/www.q-lite.com\/wp-content\/uploads\/2021\/12\/stad-hoogstraten-led-scherm-4-768x512.jpg 768w, https:\/\/www.q-lite.com\/wp-content\/uploads\/2021\/12\/stad-hoogstraten-led-scherm-4-1536x1024.jpg 1536w, https:\/\/www.q-lite.com\/wp-content\/uploads\/2021\/12\/stad-hoogstraten-led-scherm-4.jpg 1920w\" sizes=\"(max-width: 800px) 100vw, 800px\" \/>\t\t\t\t\t\t\t\t\t\t\t\t\t\t\t<\/div>\n\t\t\t\t<\/div>\n\t\t\t\t\t<\/div>\n\t\t<\/div>\n\t\t\t\t\t<\/div>\n\t\t<\/section>\n\t\t\t\t<section class=\"elementor-section elementor-top-section elementor-element elementor-element-8c7ced6 elementor-section-boxed elementor-section-height-default elementor-section-height-default\" data-id=\"8c7ced6\" data-element_type=\"section\" data-e-type=\"section\">\n\t\t\t\t\t\t<div class=\"elementor-container elementor-column-gap-default\">\n\t\t\t\t\t<div class=\"elementor-column elementor-col-100 elementor-top-column elementor-element elementor-element-df360fe\" data-id=\"df360fe\" data-element_type=\"column\" data-e-type=\"column\">\n\t\t\t<div class=\"elementor-widget-wrap elementor-element-populated\">\n\t\t\t\t\t\t<div class=\"elementor-element elementor-element-1fa07fd elementor-widget elementor-widget-text-editor\" data-id=\"1fa07fd\" data-element_type=\"widget\" data-e-type=\"widget\" data-widget_type=\"text-editor.default\">\n\t\t\t\t<div class=\"elementor-widget-container\">\n\t\t\t\t\t\t\t\t\t<p>A la fin de la dur\u00e9e du contrat de 6 ou 12 ans, Q-lite est responsable du d\u00e9montage, du recyclage et de la r\u00e9utilisation de l&rsquo;installation compl\u00e8te. Apr\u00e8s 6 ou 12 ans, Q-lite ram\u00e8nera les 7 \u00e9crans LED dans son usine de Baarle-Hertog. Si 6 ans est choisi, les \u00e9crans LED seront modernis\u00e9s et remis sur le march\u00e9. Si 12 ans est choisi, les \u00e9crans LED seront d\u00e9sassembl\u00e9s en flux de mati\u00e8res premi\u00e8res pures. Diverses petites pi\u00e8ces, telles que les alimentations, sont ensuite d\u00e9mont\u00e9es dans un atelier prot\u00e9g\u00e9 pour un recyclage optimal.<\/p>\n\t\t\t\t\t\t\t\t<\/div>\n\t\t\t\t<\/div>\n\t\t\t\t\t<\/div>\n\t\t<\/div>\n\t\t\t\t\t<\/div>\n\t\t<\/section>\n\t\t\t\t<section class=\"elementor-section elementor-top-section elementor-element elementor-element-350bf64 elementor-section-boxed elementor-section-height-default elementor-section-height-default\" data-id=\"350bf64\" data-element_type=\"section\" data-e-type=\"section\">\n\t\t\t\t\t\t<div class=\"elementor-container elementor-column-gap-default\">\n\t\t\t\t\t<div class=\"elementor-column elementor-col-50 elementor-top-column elementor-element elementor-element-ef67504\" data-id=\"ef67504\" data-element_type=\"column\" data-e-type=\"column\">\n\t\t\t<div class=\"elementor-widget-wrap elementor-element-populated\">\n\t\t\t\t\t\t<div class=\"elementor-element elementor-element-21d4bfb elementor-widget elementor-widget-heading\" data-id=\"21d4bfb\" data-element_type=\"widget\" data-e-type=\"widget\" data-widget_type=\"heading.default\">\n\t\t\t\t<div class=\"elementor-widget-container\">\n\t\t\t\t\t<h2 class=\"elementor-heading-title elementor-size-default\">Mode de communication moderne<\/h2>\t\t\t\t<\/div>\n\t\t\t\t<\/div>\n\t\t\t\t<div class=\"elementor-element elementor-element-71d4204 elementor-widget elementor-widget-text-editor\" data-id=\"71d4204\" data-element_type=\"widget\" data-e-type=\"widget\" data-widget_type=\"text-editor.default\">\n\t\t\t\t<div class=\"elementor-widget-container\">\n\t\t\t\t\t\t\t\t\t<p>Les 7 <a href=\"https:\/\/www.q-lite.com\/nl\/oplossingen\/led-schermen\/\">\u00e9crans LED<\/a> remplaceront divers panneaux d&rsquo;affichage et emplacements o\u00f9 des banni\u00e8res statiques sont d\u00e9sormais utilis\u00e9es. Cela permet d&rsquo;afficher plusieurs messages au m\u00eame endroit et de mani\u00e8re plus percutante. Les messages peuvent \u00e9galement \u00eatre facilement modifi\u00e9s, de sorte que, par exemple, la modification des mesures Corona peut \u00eatre facilement communiqu\u00e9e.<\/p>\n\t\t\t\t\t\t\t\t<\/div>\n\t\t\t\t<\/div>\n\t\t\t\t<div class=\"elementor-element elementor-element-5f0af21 elementor-widget elementor-widget-heading\" data-id=\"5f0af21\" data-element_type=\"widget\" data-e-type=\"widget\" data-widget_type=\"heading.default\">\n\t\t\t\t<div class=\"elementor-widget-container\">\n\t\t\t\t\t<h4 class=\"elementor-heading-title elementor-size-default\">\u00c9cran LED design<\/h4>\t\t\t\t<\/div>\n\t\t\t\t<\/div>\n\t\t\t\t<div class=\"elementor-element elementor-element-0e1e653 elementor-widget elementor-widget-text-editor\" data-id=\"0e1e653\" data-element_type=\"widget\" data-e-type=\"widget\" data-widget_type=\"text-editor.default\">\n\t\t\t\t<div class=\"elementor-widget-container\">\n\t\t\t\t\t\t\t\t\t<p><span style=\"font-size: 1rem;\">Nous avons non seulement examin\u00e9 la durabilit\u00e9 et la qualit\u00e9, mais aussi l&rsquo;apparence. En plus de la haute qualit\u00e9 d&rsquo;image, une finition au design moderne a \u00e9galement \u00e9t\u00e9 choisie.<\/span><\/p>\n\t\t\t\t\t\t\t\t<\/div>\n\t\t\t\t<\/div>\n\t\t\t\t\t<\/div>\n\t\t<\/div>\n\t\t\t\t<div class=\"elementor-column elementor-col-50 elementor-top-column elementor-element elementor-element-1855da9\" data-id=\"1855da9\" data-element_type=\"column\" data-e-type=\"column\">\n\t\t\t<div class=\"elementor-widget-wrap elementor-element-populated\">\n\t\t\t\t\t\t<div class=\"elementor-element elementor-element-7b09a99 elementor-widget elementor-widget-video\" data-id=\"7b09a99\" data-element_type=\"widget\" data-e-type=\"widget\" data-settings=\"{&quot;youtube_url&quot;:&quot;https:\\\/\\\/youtu.be\\\/Xfh3COxQyDk&quot;,&quot;autoplay&quot;:&quot;yes&quot;,&quot;mute&quot;:&quot;yes&quot;,&quot;video_type&quot;:&quot;youtube&quot;,&quot;controls&quot;:&quot;yes&quot;}\" data-widget_type=\"video.default\">\n\t\t\t\t<div class=\"elementor-widget-container\">\n\t\t\t\t\t\t\t<div class=\"elementor-wrapper elementor-open-inline\">\n\t\t\t<div class=\"elementor-video\"><\/div>\t\t<\/div>\n\t\t\t\t\t\t<\/div>\n\t\t\t\t<\/div>\n\t\t\t\t\t<\/div>\n\t\t<\/div>\n\t\t\t\t\t<\/div>\n\t\t<\/section>\n\t\t\t\t<section class=\"elementor-section elementor-top-section elementor-element elementor-element-debf32f elementor-section-boxed elementor-section-height-default elementor-section-height-default\" data-id=\"debf32f\" data-element_type=\"section\" data-e-type=\"section\">\n\t\t\t\t\t\t<div class=\"elementor-container elementor-column-gap-default\">\n\t\t\t\t\t<div class=\"elementor-column elementor-col-100 elementor-top-column elementor-element elementor-element-0f1afb8\" data-id=\"0f1afb8\" data-element_type=\"column\" data-e-type=\"column\">\n\t\t\t<div class=\"elementor-widget-wrap elementor-element-populated\">\n\t\t\t\t\t\t<div class=\"elementor-element elementor-element-412a4c5 elementor-widget elementor-widget-heading\" data-id=\"412a4c5\" data-element_type=\"widget\" data-e-type=\"widget\" data-widget_type=\"heading.default\">\n\t\t\t\t<div class=\"elementor-widget-container\">\n\t\t\t\t\t<h4 class=\"elementor-heading-title elementor-size-default\">Durabilit\u00e9 \u00e9prouv\u00e9e<\/h4>\t\t\t\t<\/div>\n\t\t\t\t<\/div>\n\t\t\t\t<div class=\"elementor-element elementor-element-efda930 elementor-widget elementor-widget-text-editor\" data-id=\"efda930\" data-element_type=\"widget\" data-e-type=\"widget\" data-widget_type=\"text-editor.default\">\n\t\t\t\t<div class=\"elementor-widget-container\">\n\t\t\t\t\t\t\t\t\t<p>En 2019, l&rsquo;organisme de recherche ind\u00e9pendant <a href=\"https:\/\/www.q-lite.com\/nl\/blog\/wat-is-het-verschil-tussen-een-circulair-led-scherm-en-een-standaard-led-scherm\/\">VITO<\/a> a \u00e9tudi\u00e9 l&rsquo;impact environnemental des \u00e9crans LED circulaires en termes de consommation de mat\u00e9riaux et d&rsquo;\u00e9missions de CO\u2082. Gr\u00e2ce \u00e0 cette analyse, nous pouvons prouver que les \u00e9crans sont effectivement plus durables que les \u00e9crans standards du march\u00e9. Et plus la dur\u00e9e de vie est longue, plus le r\u00e9sultat est positif.<\/p>\n\t\t\t\t\t\t\t\t<\/div>\n\t\t\t\t<\/div>\n\t\t\t\t\t<\/div>\n\t\t<\/div>\n\t\t\t\t\t<\/div>\n\t\t<\/section>\n\t\t\t\t<section class=\"elementor-section elementor-top-section elementor-element elementor-element-fadde41 elementor-section-boxed elementor-section-height-default elementor-section-height-default\" data-id=\"fadde41\" data-element_type=\"section\" data-e-type=\"section\">\n\t\t\t\t\t\t<div class=\"elementor-container elementor-column-gap-default\">\n\t\t\t\t\t<div class=\"elementor-column elementor-col-100 elementor-top-column elementor-element elementor-element-fa5c99b\" data-id=\"fa5c99b\" data-element_type=\"column\" data-e-type=\"column\">\n\t\t\t<div class=\"elementor-widget-wrap elementor-element-populated\">\n\t\t\t\t\t\t<div class=\"elementor-element elementor-element-15ea310 elementor-widget elementor-widget-text-editor\" data-id=\"15ea310\" data-element_type=\"widget\" data-e-type=\"widget\" data-widget_type=\"text-editor.default\">\n\t\t\t\t<div class=\"elementor-widget-container\">\n\t\t\t\t\t\t\t\t\t<p><strong>Le bourgmestre Marc van Aperen<\/strong> est enthousiasm\u00e9 par <strong>le choix durable et innovant<\/strong> que fait la municipalit\u00e9 :<\/p>\n\t\t\t\t\t\t\t\t<\/div>\n\t\t\t\t<\/div>\n\t\t\t\t<div class=\"elementor-element elementor-element-4f223b3 elementor-blockquote--skin-border elementor-widget elementor-widget-blockquote\" data-id=\"4f223b3\" data-element_type=\"widget\" data-e-type=\"widget\" data-widget_type=\"blockquote.default\">\n\t\t\t\t<div class=\"elementor-widget-container\">\n\t\t\t\t\t\t\t<blockquote class=\"elementor-blockquote\">\n\t\t\t<p class=\"elementor-blockquote__content\">\n\t\t\t\t\" Il est important pour nous que le nombre d'enseignes soit per\u00e7u comme agr\u00e9able par nos r\u00e9sidents. La luminosit\u00e9 des \u00e9crans est automatiquement ajust\u00e9e \u00e0 la lumi\u00e8re ext\u00e9rieure, pour que les automobilistes et les cyclistes ne soient jamais \u00e9blouis. Non seulement nous pouvons afficher plusieurs messages par emplacement, mais le logiciel convivial nous permet \u00e9galement d'informer tr\u00e8s rapidement les usagers de la route en cas d'urgence. En choisissant soigneusement les emplacements des panneaux num\u00e9riques, il a \u00e9t\u00e9 garanti qu'aucune situation de circulation dangereuse ne peut survenir \u00e0 proximit\u00e9 des panneaux.\"\t\t\t<\/p>\n\t\t\t\t\t<\/blockquote>\n\t\t\t\t\t\t<\/div>\n\t\t\t\t<\/div>\n\t\t\t\t\t<\/div>\n\t\t<\/div>\n\t\t\t\t\t<\/div>\n\t\t<\/section>\n\t\t\t\t<section class=\"elementor-section elementor-top-section elementor-element elementor-element-7d03f05 elementor-section-boxed elementor-section-height-default elementor-section-height-default\" data-id=\"7d03f05\" data-element_type=\"section\" data-e-type=\"section\">\n\t\t\t\t\t\t<div class=\"elementor-container elementor-column-gap-default\">\n\t\t\t\t\t<div class=\"elementor-column elementor-col-50 elementor-top-column elementor-element elementor-element-d3becc6\" data-id=\"d3becc6\" data-element_type=\"column\" data-e-type=\"column\">\n\t\t\t<div class=\"elementor-widget-wrap elementor-element-populated\">\n\t\t\t\t\t\t<div class=\"elementor-element elementor-element-ed9b8d0 elementor-widget elementor-widget-text-editor\" data-id=\"ed9b8d0\" data-element_type=\"widget\" data-e-type=\"widget\" data-widget_type=\"text-editor.default\">\n\t\t\t\t<div class=\"elementor-widget-container\">\n\t\t\t\t\t\t\t\t\t<p><strong>Gestionnaire de compte Job Laurijssen van Q-lite:<\/strong><\/p>\n\t\t\t\t\t\t\t\t<\/div>\n\t\t\t\t<\/div>\n\t\t\t\t<div class=\"elementor-element elementor-element-cc837f2 elementor-blockquote--skin-border elementor-widget elementor-widget-blockquote\" data-id=\"cc837f2\" data-element_type=\"widget\" data-e-type=\"widget\" data-widget_type=\"blockquote.default\">\n\t\t\t\t<div class=\"elementor-widget-container\">\n\t\t\t\t\t\t\t<blockquote class=\"elementor-blockquote\">\n\t\t\t<p class=\"elementor-blockquote__content\">\n\t\t\t\t\"En utilisant une m\u00e9thode d'appel d'offres diff\u00e9rente, la ville de Hoogstraten a pu r\u00e9duire consid\u00e9rablement l'impact environnemental. De nombreux produits \u00e9lectroniques pourraient durer plus longtemps, si la conception le permet. En choisissant une construction DaaS avec un produit \u00e9volutif, la ville de Hoogstraten se dote en r\u00e9alit\u00e9 d'un \u00e9cran neuf et meilleur au bout de 6 ans en termes d'apparence, et ce en ne rempla\u00e7ant que 20% des mat\u00e9riaux. Imaginez que le fabricant de votre t\u00e9l\u00e9viseur mette \u00e0 niveau l'appareil apr\u00e8s 5 ans, de sorte que vous puissiez utiliser le m\u00eame t\u00e9l\u00e9viseur pendant encore 5 ans et que vous passiez de la r\u00e9solution 4K \u00e0 la r\u00e9solution 8K. \"\t\t\t<\/p>\n\t\t\t\t\t<\/blockquote>\n\t\t\t\t\t\t<\/div>\n\t\t\t\t<\/div>\n\t\t\t\t<div class=\"elementor-element elementor-element-2c31881 elementor-blockquote--skin-border elementor-widget elementor-widget-blockquote\" data-id=\"2c31881\" data-element_type=\"widget\" data-e-type=\"widget\" data-widget_type=\"blockquote.default\">\n\t\t\t\t<div class=\"elementor-widget-container\">\n\t\t\t\t\t\t\t<blockquote class=\"elementor-blockquote\">\n\t\t\t<p class=\"elementor-blockquote__content\">\n\t\t\t\t\" Chez Q-lite, nous sommes heureux qu'un fournisseur local ait \u00e9t\u00e9 choisi. Notre usine est situ\u00e9e \u00e0 15 km de Hoogstraten. De nombreux salari\u00e9s viennent donc de la r\u00e9gion et passent chaque jour devant ces \u00e9crans. Nous sommes extr\u00eamement fiers que la ville de Hoogstraten ait choisi nos \u00e9crans LED circulaires ! \"\t\t\t<\/p>\n\t\t\t\t\t<\/blockquote>\n\t\t\t\t\t\t<\/div>\n\t\t\t\t<\/div>\n\t\t\t\t\t<\/div>\n\t\t<\/div>\n\t\t\t\t<div class=\"elementor-column elementor-col-50 elementor-top-column elementor-element elementor-element-c0265d0\" data-id=\"c0265d0\" data-element_type=\"column\" data-e-type=\"column\">\n\t\t\t<div class=\"elementor-widget-wrap elementor-element-populated\">\n\t\t\t\t\t\t<div class=\"elementor-element elementor-element-63af56e elementor-arrows-position-inside elementor-pagination-position-outside elementor-widget elementor-widget-image-carousel\" data-id=\"63af56e\" data-element_type=\"widget\" data-e-type=\"widget\" data-settings=\"{&quot;slides_to_show&quot;:&quot;1&quot;,&quot;navigation&quot;:&quot;both&quot;,&quot;autoplay&quot;:&quot;yes&quot;,&quot;pause_on_hover&quot;:&quot;yes&quot;,&quot;pause_on_interaction&quot;:&quot;yes&quot;,&quot;autoplay_speed&quot;:5000,&quot;infinite&quot;:&quot;yes&quot;,&quot;effect&quot;:&quot;slide&quot;,&quot;speed&quot;:500}\" data-widget_type=\"image-carousel.default\">\n\t\t\t\t<div class=\"elementor-widget-container\">\n\t\t\t\t\t\t\t<div class=\"elementor-image-carousel-wrapper swiper\" role=\"region\" aria-roledescription=\"carousel\" aria-label=\"Carrousel d\u2019images\" dir=\"ltr\">\n\t\t\t<div class=\"elementor-image-carousel swiper-wrapper\" aria-live=\"off\">\n\t\t\t\t\t\t\t\t<div class=\"swiper-slide\" role=\"group\" aria-roledescription=\"slide\" aria-label=\"1 sur 3\"><figure class=\"swiper-slide-inner\"><img decoding=\"async\" class=\"swiper-slide-image\" src=\"https:\/\/www.q-lite.com\/wp-content\/uploads\/2021\/12\/stad-hoogstraten-led-scherm-5-1024x683.jpg\" alt=\"Gemeentelijke info op LED sch\" \/><\/figure><\/div><div class=\"swiper-slide\" role=\"group\" aria-roledescription=\"slide\" aria-label=\"2 sur 3\"><figure class=\"swiper-slide-inner\"><img decoding=\"async\" class=\"swiper-slide-image\" src=\"https:\/\/www.q-lite.com\/wp-content\/uploads\/2021\/12\/stad-hoogstraten-led-scherm-3-1024x683.jpg\" alt=\"referentie-stad-hoogstraten-led-scherm-outdoor\" \/><\/figure><\/div><div class=\"swiper-slide\" role=\"group\" aria-roledescription=\"slide\" aria-label=\"3 sur 3\"><figure class=\"swiper-slide-inner\"><img decoding=\"async\" class=\"swiper-slide-image\" src=\"https:\/\/www.q-lite.com\/wp-content\/uploads\/2021\/12\/stad-hoogstraten-led-scherm-2-1024x683.jpg\" alt=\"Reclame scherm voor Stad Hoogstraten\" \/><\/figure><\/div>\t\t\t<\/div>\n\t\t\t\t\t\t\t\t\t\t\t\t<div class=\"elementor-swiper-button elementor-swiper-button-prev\" role=\"button\" tabindex=\"0\">\n\t\t\t\t\t\t<i aria-hidden=\"true\" class=\"eicon-chevron-left\"><\/i>\t\t\t\t\t<\/div>\n\t\t\t\t\t<div class=\"elementor-swiper-button elementor-swiper-button-next\" role=\"button\" tabindex=\"0\">\n\t\t\t\t\t\t<i aria-hidden=\"true\" class=\"eicon-chevron-right\"><\/i>\t\t\t\t\t<\/div>\n\t\t\t\t\n\t\t\t\t\t\t\t\t\t<div class=\"swiper-pagination\"><\/div>\n\t\t\t\t\t\t\t\t\t<\/div>\n\t\t\t\t\t\t<\/div>\n\t\t\t\t<\/div>\n\t\t\t\t\t<\/div>\n\t\t<\/div>\n\t\t\t\t\t<\/div>\n\t\t<\/section>\n\t\t\t\t<section class=\"elementor-section elementor-top-section elementor-element elementor-element-7339a24 block-primary dark elementor-section-boxed elementor-section-height-default elementor-section-height-default\" data-id=\"7339a24\" data-element_type=\"section\" data-e-type=\"section\">\n\t\t\t\t\t\t<div class=\"elementor-container elementor-column-gap-default\">\n\t\t\t\t\t<div class=\"elementor-column elementor-col-50 elementor-top-column elementor-element elementor-element-427df0f\" data-id=\"427df0f\" data-element_type=\"column\" data-e-type=\"column\">\n\t\t\t<div class=\"elementor-widget-wrap elementor-element-populated\">\n\t\t\t\t\t\t<div class=\"elementor-element elementor-element-08c6507 elementor-widget elementor-widget-heading\" data-id=\"08c6507\" data-element_type=\"widget\" data-e-type=\"widget\" data-widget_type=\"heading.default\">\n\t\t\t\t<div class=\"elementor-widget-container\">\n\t\t\t\t\t<h4 class=\"elementor-heading-title elementor-size-default\">Plus d'infos sur ce projet ?<\/h4>\t\t\t\t<\/div>\n\t\t\t\t<\/div>\n\t\t\t\t<div class=\"elementor-element elementor-element-4bb1e00 elementor-widget elementor-widget-text-editor\" data-id=\"4bb1e00\" data-element_type=\"widget\" data-e-type=\"widget\" data-widget_type=\"text-editor.default\">\n\t\t\t\t<div class=\"elementor-widget-container\">\n\t\t\t\t\t\t\t\t\t<p>Contactez notre conseiller :<\/p>\n\t\t\t\t\t\t\t\t<\/div>\n\t\t\t\t<\/div>\n\t\t\t\t\t<\/div>\n\t\t<\/div>\n\t\t\t\t<div class=\"elementor-column elementor-col-50 elementor-top-column elementor-element elementor-element-7d9f247\" data-id=\"7d9f247\" data-element_type=\"column\" data-e-type=\"column\">\n\t\t\t<div class=\"elementor-widget-wrap elementor-element-populated\">\n\t\t\t\t\t\t<section class=\"elementor-section elementor-inner-section elementor-element elementor-element-0e66767 elementor-section-boxed elementor-section-height-default elementor-section-height-default\" data-id=\"0e66767\" data-element_type=\"section\" data-e-type=\"section\">\n\t\t\t\t\t\t<div class=\"elementor-container elementor-column-gap-default\">\n\t\t\t\t\t<div class=\"elementor-column elementor-col-50 elementor-inner-column elementor-element elementor-element-f111050\" data-id=\"f111050\" data-element_type=\"column\" data-e-type=\"column\">\n\t\t\t<div class=\"elementor-widget-wrap elementor-element-populated\">\n\t\t\t\t\t\t<div class=\"elementor-element elementor-element-7e6d170 elementor-widget elementor-widget-image\" data-id=\"7e6d170\" data-element_type=\"widget\" data-e-type=\"widget\" data-widget_type=\"image.default\">\n\t\t\t\t<div class=\"elementor-widget-container\">\n\t\t\t\t\t\t\t\t\t\t\t\t\t\t\t<img decoding=\"async\" width=\"150\" height=\"150\" src=\"https:\/\/www.q-lite.com\/wp-content\/uploads\/2020\/12\/QLI_Personeelsfotos_09_05_2022_Social-Web21-150x150.jpg\" class=\"attachment-thumbnail size-thumbnail wp-image-52194\" alt=\"Adviseur Job Laurijssen geeft graag uitleg\" srcset=\"https:\/\/www.q-lite.com\/wp-content\/uploads\/2020\/12\/QLI_Personeelsfotos_09_05_2022_Social-Web21-150x150.jpg 150w, https:\/\/www.q-lite.com\/wp-content\/uploads\/2020\/12\/QLI_Personeelsfotos_09_05_2022_Social-Web21-300x300.jpg 300w, https:\/\/www.q-lite.com\/wp-content\/uploads\/2020\/12\/QLI_Personeelsfotos_09_05_2022_Social-Web21-1024x1024.jpg 1024w, https:\/\/www.q-lite.com\/wp-content\/uploads\/2020\/12\/QLI_Personeelsfotos_09_05_2022_Social-Web21-768x768.jpg 768w, https:\/\/www.q-lite.com\/wp-content\/uploads\/2020\/12\/QLI_Personeelsfotos_09_05_2022_Social-Web21-1536x1536.jpg 1536w, https:\/\/www.q-lite.com\/wp-content\/uploads\/2020\/12\/QLI_Personeelsfotos_09_05_2022_Social-Web21.jpg 1920w\" sizes=\"(max-width: 150px) 100vw, 150px\" \/>\t\t\t\t\t\t\t\t\t\t\t\t\t\t\t<\/div>\n\t\t\t\t<\/div>\n\t\t\t\t\t<\/div>\n\t\t<\/div>\n\t\t\t\t<div class=\"elementor-column elementor-col-50 elementor-inner-column elementor-element elementor-element-655fabd\" data-id=\"655fabd\" data-element_type=\"column\" data-e-type=\"column\">\n\t\t\t<div class=\"elementor-widget-wrap elementor-element-populated\">\n\t\t\t\t\t\t<div class=\"elementor-element elementor-element-038b743 elementor-widget elementor-widget-text-editor\" data-id=\"038b743\" data-element_type=\"widget\" data-e-type=\"widget\" data-widget_type=\"text-editor.default\">\n\t\t\t\t<div class=\"elementor-widget-container\">\n\t\t\t\t\t\t\t\t\t<p><strong>Job Laurijssen<\/strong><\/p>\n<p><a href=\"mailto:job.laurijssen@q-lite.com\">job.laurijssen@q-lite.com<\/a><br \/><a href=\"tel:+3214696969\">+32 498 87 30 21<\/a><\/p>\n\t\t\t\t\t\t\t\t<\/div>\n\t\t\t\t<\/div>\n\t\t\t\t\t<\/div>\n\t\t<\/div>\n\t\t\t\t\t<\/div>\n\t\t<\/section>\n\t\t\t\t\t<\/div>\n\t\t<\/div>\n\t\t\t\t\t<\/div>\n\t\t<\/section>\n\t\t\t\t<\/div>\n\t\t","protected":false},"excerpt":{"rendered":"<p>La ville de Hoogstraten a r\u00e9cemment pu communiquer de mani\u00e8re percutante dans tous les arrondissements via 7 \u00e9crans LED ext\u00e9rieurs d&rsquo;une superficie de 2 m\u00e8tres carr\u00e9s par \u00e9cran.Apr\u00e8s la commune de Rotselaar, la ville de Hoogstraten utilisera d\u00e9sormais \u00e9galement les \u00e9crans LED circulaires de Q-lite. En tant que 2\u00e8me ville de Flandre, ils le feront [&hellip;]<\/p>\n","protected":false},"author":4,"featured_media":51782,"comment_status":"closed","ping_status":"closed","sticky":false,"template":"","format":"standard","meta":{"_acf_changed":false,"footnotes":""},"categories":[1],"tags":[],"class_list":["post-54338","post","type-post","status-publish","format-standard","has-post-thumbnail","hentry","category-blog"],"acf":[],"yoast_head":"<!-- This site is optimized with the Yoast SEO plugin v27.1.1 - https:\/\/yoast.com\/product\/yoast-seo-wordpress\/ -->\n<title>La ville de Hoogstraten opte pour les \u00e9crans LED circulaires de Q-lite ! | Q-lite<\/title>\n<meta name=\"robots\" content=\"index, follow, max-snippet:-1, max-image-preview:large, max-video-preview:-1\" \/>\n<link rel=\"canonical\" href=\"https:\/\/www.q-lite.com\/fr\/blog\/la-ville-de-hoogstraten-opte-pour-les-ecrans-led-circulaires-de-q-lite\/\" \/>\n<meta property=\"og:locale\" content=\"fr_FR\" \/>\n<meta property=\"og:type\" content=\"article\" \/>\n<meta property=\"og:title\" content=\"La ville de Hoogstraten opte pour les \u00e9crans LED circulaires de Q-lite ! | Q-lite\" \/>\n<meta property=\"og:description\" content=\"La ville de Hoogstraten a r\u00e9cemment pu communiquer de mani\u00e8re percutante dans tous les arrondissements via 7 \u00e9crans LED ext\u00e9rieurs d&rsquo;une superficie de 2 m\u00e8tres carr\u00e9s par \u00e9cran.Apr\u00e8s la commune de Rotselaar, la ville de Hoogstraten utilisera d\u00e9sormais \u00e9galement les \u00e9crans LED circulaires de Q-lite. En tant que 2\u00e8me ville de Flandre, ils le feront [&hellip;]\" \/>\n<meta property=\"og:url\" content=\"https:\/\/www.q-lite.com\/fr\/blog\/la-ville-de-hoogstraten-opte-pour-les-ecrans-led-circulaires-de-q-lite\/\" \/>\n<meta property=\"og:site_name\" content=\"Q-lite\" \/>\n<meta property=\"article:publisher\" content=\"https:\/\/www.facebook.com\/qlite.led\/\" \/>\n<meta property=\"article:published_time\" content=\"2021-12-08T09:08:00+00:00\" \/>\n<meta property=\"article:modified_time\" content=\"2023-01-13T09:27:40+00:00\" \/>\n<meta property=\"og:image\" content=\"https:\/\/www.q-lite.com\/wp-content\/uploads\/2021\/12\/stad-hoogstraten-led-scherm-1.jpg\" \/>\n\t<meta property=\"og:image:width\" content=\"1920\" \/>\n\t<meta property=\"og:image:height\" content=\"1280\" \/>\n\t<meta property=\"og:image:type\" content=\"image\/jpeg\" \/>\n<meta name=\"author\" content=\"kim\" \/>\n<meta name=\"twitter:card\" content=\"summary_large_image\" \/>\n<script type=\"application\/ld+json\" class=\"yoast-schema-graph\">{\"@context\":\"https:\/\/schema.org\",\"@graph\":[{\"@type\":\"Article\",\"@id\":\"https:\/\/www.q-lite.com\/fr\/blog\/la-ville-de-hoogstraten-opte-pour-les-ecrans-led-circulaires-de-q-lite\/#article\",\"isPartOf\":{\"@id\":\"https:\/\/www.q-lite.com\/fr\/blog\/la-ville-de-hoogstraten-opte-pour-les-ecrans-led-circulaires-de-q-lite\/\"},\"author\":{\"name\":\"kim\",\"@id\":\"https:\/\/www.q-lite.com\/fr\/#\/schema\/person\/d4d001a6e838e95ff37a759ef2abf947\"},\"headline\":\"La ville de Hoogstraten opte pour les \u00e9crans LED circulaires de Q-lite !\",\"datePublished\":\"2021-12-08T09:08:00+00:00\",\"dateModified\":\"2023-01-13T09:27:40+00:00\",\"mainEntityOfPage\":{\"@id\":\"https:\/\/www.q-lite.com\/fr\/blog\/la-ville-de-hoogstraten-opte-pour-les-ecrans-led-circulaires-de-q-lite\/\"},\"wordCount\":736,\"publisher\":{\"@id\":\"https:\/\/www.q-lite.com\/fr\/#organization\"},\"image\":{\"@id\":\"https:\/\/www.q-lite.com\/fr\/blog\/la-ville-de-hoogstraten-opte-pour-les-ecrans-led-circulaires-de-q-lite\/#primaryimage\"},\"thumbnailUrl\":\"https:\/\/www.q-lite.com\/wp-content\/uploads\/2021\/12\/stad-hoogstraten-led-scherm-1.jpg\",\"articleSection\":[\"Blog\"],\"inLanguage\":\"fr-FR\"},{\"@type\":\"WebPage\",\"@id\":\"https:\/\/www.q-lite.com\/fr\/blog\/la-ville-de-hoogstraten-opte-pour-les-ecrans-led-circulaires-de-q-lite\/\",\"url\":\"https:\/\/www.q-lite.com\/fr\/blog\/la-ville-de-hoogstraten-opte-pour-les-ecrans-led-circulaires-de-q-lite\/\",\"name\":\"La ville de Hoogstraten opte pour les \u00e9crans LED circulaires de Q-lite ! | Q-lite\",\"isPartOf\":{\"@id\":\"https:\/\/www.q-lite.com\/fr\/#website\"},\"primaryImageOfPage\":{\"@id\":\"https:\/\/www.q-lite.com\/fr\/blog\/la-ville-de-hoogstraten-opte-pour-les-ecrans-led-circulaires-de-q-lite\/#primaryimage\"},\"image\":{\"@id\":\"https:\/\/www.q-lite.com\/fr\/blog\/la-ville-de-hoogstraten-opte-pour-les-ecrans-led-circulaires-de-q-lite\/#primaryimage\"},\"thumbnailUrl\":\"https:\/\/www.q-lite.com\/wp-content\/uploads\/2021\/12\/stad-hoogstraten-led-scherm-1.jpg\",\"datePublished\":\"2021-12-08T09:08:00+00:00\",\"dateModified\":\"2023-01-13T09:27:40+00:00\",\"breadcrumb\":{\"@id\":\"https:\/\/www.q-lite.com\/fr\/blog\/la-ville-de-hoogstraten-opte-pour-les-ecrans-led-circulaires-de-q-lite\/#breadcrumb\"},\"inLanguage\":\"fr-FR\",\"potentialAction\":[{\"@type\":\"ReadAction\",\"target\":[\"https:\/\/www.q-lite.com\/fr\/blog\/la-ville-de-hoogstraten-opte-pour-les-ecrans-led-circulaires-de-q-lite\/\"]}]},{\"@type\":\"ImageObject\",\"inLanguage\":\"fr-FR\",\"@id\":\"https:\/\/www.q-lite.com\/fr\/blog\/la-ville-de-hoogstraten-opte-pour-les-ecrans-led-circulaires-de-q-lite\/#primaryimage\",\"url\":\"https:\/\/www.q-lite.com\/wp-content\/uploads\/2021\/12\/stad-hoogstraten-led-scherm-1.jpg\",\"contentUrl\":\"https:\/\/www.q-lite.com\/wp-content\/uploads\/2021\/12\/stad-hoogstraten-led-scherm-1.jpg\",\"width\":1920,\"height\":1280,\"caption\":\"Reclame scherm voor Stad Hoogstraten\"},{\"@type\":\"BreadcrumbList\",\"@id\":\"https:\/\/www.q-lite.com\/fr\/blog\/la-ville-de-hoogstraten-opte-pour-les-ecrans-led-circulaires-de-q-lite\/#breadcrumb\",\"itemListElement\":[{\"@type\":\"ListItem\",\"position\":1,\"name\":\"Home\",\"item\":\"https:\/\/www.q-lite.com\/fr\/\"},{\"@type\":\"ListItem\",\"position\":2,\"name\":\"La ville de Hoogstraten opte pour les \u00e9crans LED circulaires de Q-lite !\"}]},{\"@type\":\"WebSite\",\"@id\":\"https:\/\/www.q-lite.com\/fr\/#website\",\"url\":\"https:\/\/www.q-lite.com\/fr\/\",\"name\":\"Q-lite\",\"description\":\"The Smartest Kind of Attention\",\"publisher\":{\"@id\":\"https:\/\/www.q-lite.com\/fr\/#organization\"},\"potentialAction\":[{\"@type\":\"SearchAction\",\"target\":{\"@type\":\"EntryPoint\",\"urlTemplate\":\"https:\/\/www.q-lite.com\/fr\/?s={search_term_string}\"},\"query-input\":{\"@type\":\"PropertyValueSpecification\",\"valueRequired\":true,\"valueName\":\"search_term_string\"}}],\"inLanguage\":\"fr-FR\"},{\"@type\":\"Organization\",\"@id\":\"https:\/\/www.q-lite.com\/fr\/#organization\",\"name\":\"Q-lite\",\"url\":\"https:\/\/www.q-lite.com\/fr\/\",\"logo\":{\"@type\":\"ImageObject\",\"inLanguage\":\"fr-FR\",\"@id\":\"https:\/\/www.q-lite.com\/fr\/#\/schema\/logo\/image\/\",\"url\":\"https:\/\/www.q-lite.com\/wp-content\/uploads\/2020\/11\/Q-LITE-LOGO-RGB-background-gradient-baseline.png\",\"contentUrl\":\"https:\/\/www.q-lite.com\/wp-content\/uploads\/2020\/11\/Q-LITE-LOGO-RGB-background-gradient-baseline.png\",\"width\":1200,\"height\":900,\"caption\":\"Q-lite\"},\"image\":{\"@id\":\"https:\/\/www.q-lite.com\/fr\/#\/schema\/logo\/image\/\"},\"sameAs\":[\"https:\/\/www.facebook.com\/qlite.led\/\",\"https:\/\/www.instagram.com\/qlite.led\/\",\"https:\/\/www.linkedin.com\/company\/q-lite\/\",\"https:\/\/www.youtube.com\/@q-lite\"]},{\"@type\":\"Person\",\"@id\":\"https:\/\/www.q-lite.com\/fr\/#\/schema\/person\/d4d001a6e838e95ff37a759ef2abf947\",\"name\":\"kim\",\"image\":{\"@type\":\"ImageObject\",\"inLanguage\":\"fr-FR\",\"@id\":\"https:\/\/www.q-lite.com\/fr\/#\/schema\/person\/image\/\",\"url\":\"https:\/\/secure.gravatar.com\/avatar\/940a3b39b560bf47836903d0e905d7bc70cedf153f80b72a3bd9078907e587cf?s=96&d=mm&r=g\",\"contentUrl\":\"https:\/\/secure.gravatar.com\/avatar\/940a3b39b560bf47836903d0e905d7bc70cedf153f80b72a3bd9078907e587cf?s=96&d=mm&r=g\",\"caption\":\"kim\"}}]}<\/script>\n<!-- \/ Yoast SEO plugin. -->","yoast_head_json":{"title":"La ville de Hoogstraten opte pour les \u00e9crans LED circulaires de Q-lite ! | Q-lite","robots":{"index":"index","follow":"follow","max-snippet":"max-snippet:-1","max-image-preview":"max-image-preview:large","max-video-preview":"max-video-preview:-1"},"canonical":"https:\/\/www.q-lite.com\/fr\/blog\/la-ville-de-hoogstraten-opte-pour-les-ecrans-led-circulaires-de-q-lite\/","og_locale":"fr_FR","og_type":"article","og_title":"La ville de Hoogstraten opte pour les \u00e9crans LED circulaires de Q-lite ! | Q-lite","og_description":"La ville de Hoogstraten a r\u00e9cemment pu communiquer de mani\u00e8re percutante dans tous les arrondissements via 7 \u00e9crans LED ext\u00e9rieurs d&rsquo;une superficie de 2 m\u00e8tres carr\u00e9s par \u00e9cran.Apr\u00e8s la commune de Rotselaar, la ville de Hoogstraten utilisera d\u00e9sormais \u00e9galement les \u00e9crans LED circulaires de Q-lite. En tant que 2\u00e8me ville de Flandre, ils le feront [&hellip;]","og_url":"https:\/\/www.q-lite.com\/fr\/blog\/la-ville-de-hoogstraten-opte-pour-les-ecrans-led-circulaires-de-q-lite\/","og_site_name":"Q-lite","article_publisher":"https:\/\/www.facebook.com\/qlite.led\/","article_published_time":"2021-12-08T09:08:00+00:00","article_modified_time":"2023-01-13T09:27:40+00:00","og_image":[{"width":1920,"height":1280,"url":"https:\/\/www.q-lite.com\/wp-content\/uploads\/2021\/12\/stad-hoogstraten-led-scherm-1.jpg","type":"image\/jpeg"}],"author":"kim","twitter_card":"summary_large_image","schema":{"@context":"https:\/\/schema.org","@graph":[{"@type":"Article","@id":"https:\/\/www.q-lite.com\/fr\/blog\/la-ville-de-hoogstraten-opte-pour-les-ecrans-led-circulaires-de-q-lite\/#article","isPartOf":{"@id":"https:\/\/www.q-lite.com\/fr\/blog\/la-ville-de-hoogstraten-opte-pour-les-ecrans-led-circulaires-de-q-lite\/"},"author":{"name":"kim","@id":"https:\/\/www.q-lite.com\/fr\/#\/schema\/person\/d4d001a6e838e95ff37a759ef2abf947"},"headline":"La ville de Hoogstraten opte pour les \u00e9crans LED circulaires de Q-lite !","datePublished":"2021-12-08T09:08:00+00:00","dateModified":"2023-01-13T09:27:40+00:00","mainEntityOfPage":{"@id":"https:\/\/www.q-lite.com\/fr\/blog\/la-ville-de-hoogstraten-opte-pour-les-ecrans-led-circulaires-de-q-lite\/"},"wordCount":736,"publisher":{"@id":"https:\/\/www.q-lite.com\/fr\/#organization"},"image":{"@id":"https:\/\/www.q-lite.com\/fr\/blog\/la-ville-de-hoogstraten-opte-pour-les-ecrans-led-circulaires-de-q-lite\/#primaryimage"},"thumbnailUrl":"https:\/\/www.q-lite.com\/wp-content\/uploads\/2021\/12\/stad-hoogstraten-led-scherm-1.jpg","articleSection":["Blog"],"inLanguage":"fr-FR"},{"@type":"WebPage","@id":"https:\/\/www.q-lite.com\/fr\/blog\/la-ville-de-hoogstraten-opte-pour-les-ecrans-led-circulaires-de-q-lite\/","url":"https:\/\/www.q-lite.com\/fr\/blog\/la-ville-de-hoogstraten-opte-pour-les-ecrans-led-circulaires-de-q-lite\/","name":"La ville de Hoogstraten opte pour les \u00e9crans LED circulaires de Q-lite ! | Q-lite","isPartOf":{"@id":"https:\/\/www.q-lite.com\/fr\/#website"},"primaryImageOfPage":{"@id":"https:\/\/www.q-lite.com\/fr\/blog\/la-ville-de-hoogstraten-opte-pour-les-ecrans-led-circulaires-de-q-lite\/#primaryimage"},"image":{"@id":"https:\/\/www.q-lite.com\/fr\/blog\/la-ville-de-hoogstraten-opte-pour-les-ecrans-led-circulaires-de-q-lite\/#primaryimage"},"thumbnailUrl":"https:\/\/www.q-lite.com\/wp-content\/uploads\/2021\/12\/stad-hoogstraten-led-scherm-1.jpg","datePublished":"2021-12-08T09:08:00+00:00","dateModified":"2023-01-13T09:27:40+00:00","breadcrumb":{"@id":"https:\/\/www.q-lite.com\/fr\/blog\/la-ville-de-hoogstraten-opte-pour-les-ecrans-led-circulaires-de-q-lite\/#breadcrumb"},"inLanguage":"fr-FR","potentialAction":[{"@type":"ReadAction","target":["https:\/\/www.q-lite.com\/fr\/blog\/la-ville-de-hoogstraten-opte-pour-les-ecrans-led-circulaires-de-q-lite\/"]}]},{"@type":"ImageObject","inLanguage":"fr-FR","@id":"https:\/\/www.q-lite.com\/fr\/blog\/la-ville-de-hoogstraten-opte-pour-les-ecrans-led-circulaires-de-q-lite\/#primaryimage","url":"https:\/\/www.q-lite.com\/wp-content\/uploads\/2021\/12\/stad-hoogstraten-led-scherm-1.jpg","contentUrl":"https:\/\/www.q-lite.com\/wp-content\/uploads\/2021\/12\/stad-hoogstraten-led-scherm-1.jpg","width":1920,"height":1280,"caption":"Reclame scherm voor Stad Hoogstraten"},{"@type":"BreadcrumbList","@id":"https:\/\/www.q-lite.com\/fr\/blog\/la-ville-de-hoogstraten-opte-pour-les-ecrans-led-circulaires-de-q-lite\/#breadcrumb","itemListElement":[{"@type":"ListItem","position":1,"name":"Home","item":"https:\/\/www.q-lite.com\/fr\/"},{"@type":"ListItem","position":2,"name":"La ville de Hoogstraten opte pour les \u00e9crans LED circulaires de Q-lite !"}]},{"@type":"WebSite","@id":"https:\/\/www.q-lite.com\/fr\/#website","url":"https:\/\/www.q-lite.com\/fr\/","name":"Q-lite","description":"The Smartest Kind of Attention","publisher":{"@id":"https:\/\/www.q-lite.com\/fr\/#organization"},"potentialAction":[{"@type":"SearchAction","target":{"@type":"EntryPoint","urlTemplate":"https:\/\/www.q-lite.com\/fr\/?s={search_term_string}"},"query-input":{"@type":"PropertyValueSpecification","valueRequired":true,"valueName":"search_term_string"}}],"inLanguage":"fr-FR"},{"@type":"Organization","@id":"https:\/\/www.q-lite.com\/fr\/#organization","name":"Q-lite","url":"https:\/\/www.q-lite.com\/fr\/","logo":{"@type":"ImageObject","inLanguage":"fr-FR","@id":"https:\/\/www.q-lite.com\/fr\/#\/schema\/logo\/image\/","url":"https:\/\/www.q-lite.com\/wp-content\/uploads\/2020\/11\/Q-LITE-LOGO-RGB-background-gradient-baseline.png","contentUrl":"https:\/\/www.q-lite.com\/wp-content\/uploads\/2020\/11\/Q-LITE-LOGO-RGB-background-gradient-baseline.png","width":1200,"height":900,"caption":"Q-lite"},"image":{"@id":"https:\/\/www.q-lite.com\/fr\/#\/schema\/logo\/image\/"},"sameAs":["https:\/\/www.facebook.com\/qlite.led\/","https:\/\/www.instagram.com\/qlite.led\/","https:\/\/www.linkedin.com\/company\/q-lite\/","https:\/\/www.youtube.com\/@q-lite"]},{"@type":"Person","@id":"https:\/\/www.q-lite.com\/fr\/#\/schema\/person\/d4d001a6e838e95ff37a759ef2abf947","name":"kim","image":{"@type":"ImageObject","inLanguage":"fr-FR","@id":"https:\/\/www.q-lite.com\/fr\/#\/schema\/person\/image\/","url":"https:\/\/secure.gravatar.com\/avatar\/940a3b39b560bf47836903d0e905d7bc70cedf153f80b72a3bd9078907e587cf?s=96&d=mm&r=g","contentUrl":"https:\/\/secure.gravatar.com\/avatar\/940a3b39b560bf47836903d0e905d7bc70cedf153f80b72a3bd9078907e587cf?s=96&d=mm&r=g","caption":"kim"}}]}},"_links":{"self":[{"href":"https:\/\/www.q-lite.com\/fr\/wp-json\/wp\/v2\/posts\/54338","targetHints":{"allow":["GET"]}}],"collection":[{"href":"https:\/\/www.q-lite.com\/fr\/wp-json\/wp\/v2\/posts"}],"about":[{"href":"https:\/\/www.q-lite.com\/fr\/wp-json\/wp\/v2\/types\/post"}],"author":[{"embeddable":true,"href":"https:\/\/www.q-lite.com\/fr\/wp-json\/wp\/v2\/users\/4"}],"replies":[{"embeddable":true,"href":"https:\/\/www.q-lite.com\/fr\/wp-json\/wp\/v2\/comments?post=54338"}],"version-history":[{"count":0,"href":"https:\/\/www.q-lite.com\/fr\/wp-json\/wp\/v2\/posts\/54338\/revisions"}],"wp:featuredmedia":[{"embeddable":true,"href":"https:\/\/www.q-lite.com\/fr\/wp-json\/wp\/v2\/media\/51782"}],"wp:attachment":[{"href":"https:\/\/www.q-lite.com\/fr\/wp-json\/wp\/v2\/media?parent=54338"}],"wp:term":[{"taxonomy":"category","embeddable":true,"href":"https:\/\/www.q-lite.com\/fr\/wp-json\/wp\/v2\/categories?post=54338"},{"taxonomy":"post_tag","embeddable":true,"href":"https:\/\/www.q-lite.com\/fr\/wp-json\/wp\/v2\/tags?post=54338"}],"curies":[{"name":"wp","href":"https:\/\/api.w.org\/{rel}","templated":true}]}}