{"id":54440,"date":"2021-02-01T11:33:00","date_gmt":"2021-02-01T10:33:00","guid":{"rendered":"https:\/\/2022.q-lite.com\/blog-fr\/la-solution-ideale-pour-les-videoconferences-et-les-presentations-dans-les-salles-de-reunion\/"},"modified":"2023-01-13T15:22:42","modified_gmt":"2023-01-13T15:22:42","slug":"la-solution-ideale-pour-les-videoconferences-et-les-presentations-dans-les-salles-de-reunion","status":"publish","type":"post","link":"https:\/\/www.q-lite.com\/fr\/blog\/la-solution-ideale-pour-les-videoconferences-et-les-presentations-dans-les-salles-de-reunion\/","title":{"rendered":"La solution id\u00e9ale pour les vid\u00e9oconf\u00e9rences et les pr\u00e9sentations dans les salles de r\u00e9union"},"content":{"rendered":"\t\t<div data-elementor-type=\"wp-post\" data-elementor-id=\"54440\" class=\"elementor elementor-54440 elementor-42740\" data-elementor-post-type=\"post\">\n\t\t\t\t\t\t<section class=\"elementor-section elementor-top-section elementor-element elementor-element-47cb6d5 elementor-section-boxed elementor-section-height-default elementor-section-height-default\" data-id=\"47cb6d5\" data-element_type=\"section\" data-e-type=\"section\">\n\t\t\t\t\t\t<div class=\"elementor-container elementor-column-gap-default\">\n\t\t\t\t\t<div class=\"elementor-column elementor-col-100 elementor-top-column elementor-element elementor-element-d9508e8\" data-id=\"d9508e8\" data-element_type=\"column\" data-e-type=\"column\">\n\t\t\t<div class=\"elementor-widget-wrap elementor-element-populated\">\n\t\t\t\t\t\t<div class=\"elementor-element elementor-element-9108ea7 elementor-widget elementor-widget-image\" data-id=\"9108ea7\" data-element_type=\"widget\" data-e-type=\"widget\" data-widget_type=\"image.default\">\n\t\t\t\t<div class=\"elementor-widget-container\">\n\t\t\t\t\t\t\t\t\t\t\t\t\t\t\t<img fetchpriority=\"high\" decoding=\"async\" width=\"800\" height=\"300\" src=\"https:\/\/www.q-lite.com\/wp-content\/uploads\/2021\/02\/header-bg-boardroom-1024x384.jpg\" class=\"attachment-large size-large wp-image-51290\" alt=\"\" srcset=\"https:\/\/www.q-lite.com\/wp-content\/uploads\/2021\/02\/header-bg-boardroom-1024x384.jpg 1024w, https:\/\/www.q-lite.com\/wp-content\/uploads\/2021\/02\/header-bg-boardroom-300x113.jpg 300w, https:\/\/www.q-lite.com\/wp-content\/uploads\/2021\/02\/header-bg-boardroom-768x288.jpg 768w, https:\/\/www.q-lite.com\/wp-content\/uploads\/2021\/02\/header-bg-boardroom-1536x576.jpg 1536w, https:\/\/www.q-lite.com\/wp-content\/uploads\/2021\/02\/header-bg-boardroom-2048x768.jpg 2048w\" sizes=\"(max-width: 800px) 100vw, 800px\" \/>\t\t\t\t\t\t\t\t\t\t\t\t\t\t\t<\/div>\n\t\t\t\t<\/div>\n\t\t\t\t<div class=\"elementor-element elementor-element-d6aca85 elementor-widget elementor-widget-text-editor\" data-id=\"d6aca85\" data-element_type=\"widget\" data-e-type=\"widget\" data-widget_type=\"text-editor.default\">\n\t\t\t\t<div class=\"elementor-widget-container\">\n\t\t\t\t\t\t\t\t\t<p>Les <a href=\"https:\/\/www.q-lite.com\/nl\/oplossingen\/led-schermen\/indoor\/\">\u00e9crans LED<\/a> sont de plus en plus pr\u00e9sents dans les salles de conseil et de r\u00e9union. Et cela a du sens car c&rsquo;est la solution id\u00e9ale pour les vid\u00e9oconf\u00e9rences et les pr\u00e9sentations. Un \u00e9cran LED est homog\u00e8ne et offre une luminosit\u00e9 \u00e9lev\u00e9e, un bon rapport de contraste et une image color\u00e9e.<\/p>\n\t\t\t\t\t\t\t\t<\/div>\n\t\t\t\t<\/div>\n\t\t\t\t\t<\/div>\n\t\t<\/div>\n\t\t\t\t\t<\/div>\n\t\t<\/section>\n\t\t\t\t<section class=\"elementor-section elementor-top-section elementor-element elementor-element-4aa3131 elementor-section-boxed elementor-section-height-default elementor-section-height-default\" data-id=\"4aa3131\" data-element_type=\"section\" data-e-type=\"section\">\n\t\t\t\t\t\t<div class=\"elementor-container elementor-column-gap-default\">\n\t\t\t\t\t<div class=\"elementor-column elementor-col-50 elementor-top-column elementor-element elementor-element-4a0751a\" data-id=\"4a0751a\" data-element_type=\"column\" data-e-type=\"column\">\n\t\t\t<div class=\"elementor-widget-wrap elementor-element-populated\">\n\t\t\t\t\t\t<div class=\"elementor-element elementor-element-8a5d277 elementor-widget elementor-widget-image\" data-id=\"8a5d277\" data-element_type=\"widget\" data-e-type=\"widget\" data-widget_type=\"image.default\">\n\t\t\t\t<div class=\"elementor-widget-container\">\n\t\t\t\t\t\t\t\t\t\t\t\t\t\t\t<img decoding=\"async\" width=\"768\" height=\"512\" src=\"https:\/\/www.q-lite.com\/wp-content\/uploads\/2021\/02\/gemeente-venray-bewerkt-s01-768x512.jpg\" class=\"attachment-medium_large size-medium_large wp-image-51304\" alt=\"\" srcset=\"https:\/\/www.q-lite.com\/wp-content\/uploads\/2021\/02\/gemeente-venray-bewerkt-s01-768x512.jpg 768w, https:\/\/www.q-lite.com\/wp-content\/uploads\/2021\/02\/gemeente-venray-bewerkt-s01-300x200.jpg 300w, https:\/\/www.q-lite.com\/wp-content\/uploads\/2021\/02\/gemeente-venray-bewerkt-s01-1024x682.jpg 1024w, https:\/\/www.q-lite.com\/wp-content\/uploads\/2021\/02\/gemeente-venray-bewerkt-s01-1536x1024.jpg 1536w, https:\/\/www.q-lite.com\/wp-content\/uploads\/2021\/02\/gemeente-venray-bewerkt-s01.jpg 1577w\" sizes=\"(max-width: 768px) 100vw, 768px\" \/>\t\t\t\t\t\t\t\t\t\t\t\t\t\t\t<\/div>\n\t\t\t\t<\/div>\n\t\t\t\t\t<\/div>\n\t\t<\/div>\n\t\t\t\t<div class=\"elementor-column elementor-col-50 elementor-top-column elementor-element elementor-element-fd213b4\" data-id=\"fd213b4\" data-element_type=\"column\" data-e-type=\"column\">\n\t\t\t<div class=\"elementor-widget-wrap elementor-element-populated\">\n\t\t\t\t\t\t<div class=\"elementor-element elementor-element-14cf70d elementor-widget elementor-widget-heading\" data-id=\"14cf70d\" data-element_type=\"widget\" data-e-type=\"widget\" data-widget_type=\"heading.default\">\n\t\t\t\t<div class=\"elementor-widget-container\">\n\t\t\t\t\t<h2 class=\"elementor-heading-title elementor-size-default\">Haute luminosit\u00e9, bon rapport de contraste et image color\u00e9e<\/h2>\t\t\t\t<\/div>\n\t\t\t\t<\/div>\n\t\t\t\t<div class=\"elementor-element elementor-element-c7fb160 elementor-widget elementor-widget-text-editor\" data-id=\"c7fb160\" data-element_type=\"widget\" data-e-type=\"widget\" data-widget_type=\"text-editor.default\">\n\t\t\t\t<div class=\"elementor-widget-container\">\n\t\t\t\t\t\t\t\t\t<p>Vous pouvez par exemple opter pour un \u00e9cran LED d&rsquo;int\u00e9rieur Full HD de 285 cm de large avec un pixel pitch (distance entre les pixels de l&rsquo;image) tr\u00e8s fin de 1,5 mm. Bien s\u00fbr, ce ne sont que des donn\u00e9es techniques. La perception de la projection grand format est compl\u00e8tement diff\u00e9rente. Avec un <a href=\"https:\/\/www.q-lite.com\/nl\/oplossingen\/led-schermen\/indoor\/\">\u00e9cran LED<\/a>, vous cr\u00e9ez un fort impact visuel avec une luminosit\u00e9 \u00e9lev\u00e9e, un bon rapport de contraste et une image color\u00e9e, donnant vie au contenu de l&rsquo;\u00e9cran. R\u00e9sultat : un plaisir visuel optimal sans \u00eatre g\u00ean\u00e9 par les coutures (avec un <a href=\"https:\/\/www.q-lite.com\/nl\/oplossingen\/lcd-schermen\/\">\u00e9cran LCD<\/a>) ou la lumi\u00e8re ambiante (avec un vid\u00e9oprojecteur).<\/p>\n\t\t\t\t\t\t\t\t<\/div>\n\t\t\t\t<\/div>\n\t\t\t\t\t<\/div>\n\t\t<\/div>\n\t\t\t\t\t<\/div>\n\t\t<\/section>\n\t\t\t\t<section class=\"elementor-section elementor-top-section elementor-element elementor-element-536e9f0 elementor-section-boxed elementor-section-height-default elementor-section-height-default\" data-id=\"536e9f0\" data-element_type=\"section\" data-e-type=\"section\">\n\t\t\t\t\t\t<div class=\"elementor-container elementor-column-gap-default\">\n\t\t\t\t\t<div class=\"elementor-column elementor-col-100 elementor-top-column elementor-element elementor-element-63b047e\" data-id=\"63b047e\" data-element_type=\"column\" data-e-type=\"column\">\n\t\t\t<div class=\"elementor-widget-wrap elementor-element-populated\">\n\t\t\t\t\t\t<div class=\"elementor-element elementor-element-9423504 elementor-widget elementor-widget-heading\" data-id=\"9423504\" data-element_type=\"widget\" data-e-type=\"widget\" data-widget_type=\"heading.default\">\n\t\t\t\t<div class=\"elementor-widget-container\">\n\t\t\t\t\t<h2 class=\"elementor-heading-title elementor-size-default\">Pas de coutures g\u00eanantes<\/h2>\t\t\t\t<\/div>\n\t\t\t\t<\/div>\n\t\t\t\t<div class=\"elementor-element elementor-element-3289af1 elementor-widget elementor-widget-text-editor\" data-id=\"3289af1\" data-element_type=\"widget\" data-e-type=\"widget\" data-widget_type=\"text-editor.default\">\n\t\t\t\t<div class=\"elementor-widget-container\">\n\t\t\t\t\t\t\t\t\t<p>Les \u00e9crans LED n&rsquo;ont pas de coutures g\u00eanantes qui traversent l&rsquo;\u00e9cran comme avec un <a href=\"https:\/\/www.q-lite.com\/nl\/oplossingen\/lcd-schermen\/\">mur vid\u00e9o LCD<\/a>, mais seulement un bord \u00e0 l&rsquo;ext\u00e9rieur. Un large angle de vision horizontal et vertical garantit une vue optimale depuis toutes les positions. Les <a href=\"https:\/\/www.q-lite.com\/nl\/oplossingen\/led-schermen\/indoor\/\">\u00e9crans LED<\/a> sont disponibles dans diff\u00e9rents pas de pixels et peuvent \u00eatre fabriqu\u00e9s sur mesure avec une belle finition design tout autour.<\/p>\n\t\t\t\t\t\t\t\t<\/div>\n\t\t\t\t<\/div>\n\t\t\t\t<div class=\"elementor-element elementor-element-a3009e5 elementor-widget elementor-widget-heading\" data-id=\"a3009e5\" data-element_type=\"widget\" data-e-type=\"widget\" data-widget_type=\"heading.default\">\n\t\t\t\t<div class=\"elementor-widget-container\">\n\t\t\t\t\t<h2 class=\"elementor-heading-title elementor-size-default\">Un logiciel simple et intuitif<\/h2>\t\t\t\t<\/div>\n\t\t\t\t<\/div>\n\t\t\t\t<div class=\"elementor-element elementor-element-a5f0b9d elementor-widget elementor-widget-text-editor\" data-id=\"a5f0b9d\" data-element_type=\"widget\" data-e-type=\"widget\" data-widget_type=\"text-editor.default\">\n\t\t\t\t<div class=\"elementor-widget-container\">\n\t\t\t\t\t\t\t\t\t<p>Un logiciel intuitif, avec lequel tout le monde dans la salle de r\u00e9union peut facilement prendre en charge l&rsquo;\u00e9cran sans fil, est important. L&rsquo;\u00e9cran peut \u00e9galement \u00eatre divis\u00e9 en zones, de sorte que vous puissiez afficher clairement diff\u00e9rentes choses les unes \u00e0 c\u00f4t\u00e9 des autres.<\/p>\n\t\t\t\t\t\t\t\t<\/div>\n\t\t\t\t<\/div>\n\t\t\t\t<div class=\"elementor-element elementor-element-a220d3d elementor-widget elementor-widget-heading\" data-id=\"a220d3d\" data-element_type=\"widget\" data-e-type=\"widget\" data-widget_type=\"heading.default\">\n\t\t\t\t<div class=\"elementor-widget-container\">\n\t\t\t\t\t<h2 class=\"elementor-heading-title elementor-size-default\">Panneaux minces et image nette comme un rasoir<\/h2>\t\t\t\t<\/div>\n\t\t\t\t<\/div>\n\t\t\t\t<div class=\"elementor-element elementor-element-efdc74a elementor-widget elementor-widget-text-editor\" data-id=\"efdc74a\" data-element_type=\"widget\" data-e-type=\"widget\" data-widget_type=\"text-editor.default\">\n\t\t\t\t<div class=\"elementor-widget-container\">\n\t\t\t\t\t\t\t\t\t<p><a href=\"https:\/\/www.q-lite.com\/nl\/oplossingen\/led-schermen\/indoor\/\">Les \u00e9crans LED d&rsquo;int\u00e9rieur<\/a> se composent de panneaux LED minces avec un pas de pixel fin. Ce petit pas de pixel, par exemple 1,5 mm (ou m\u00eame plus petit si vous le souhaitez), donne une image d&rsquo;une nettet\u00e9 remarquable. Id\u00e9al pour l&rsquo;int\u00e9rieur o\u00f9 la distance de visualisation est souvent courte.<\/p>\n\t\t\t\t\t\t\t\t<\/div>\n\t\t\t\t<\/div>\n\t\t\t\t\t<\/div>\n\t\t<\/div>\n\t\t\t\t\t<\/div>\n\t\t<\/section>\n\t\t\t\t<section class=\"elementor-section elementor-top-section elementor-element elementor-element-d277650 elementor-section-boxed elementor-section-height-default elementor-section-height-default\" data-id=\"d277650\" data-element_type=\"section\" data-e-type=\"section\">\n\t\t\t\t\t\t<div class=\"elementor-container elementor-column-gap-default\">\n\t\t\t\t\t<div class=\"elementor-column elementor-col-100 elementor-top-column elementor-element elementor-element-42b7e4f\" data-id=\"42b7e4f\" data-element_type=\"column\" data-e-type=\"column\">\n\t\t\t<div class=\"elementor-widget-wrap elementor-element-populated\">\n\t\t\t\t\t\t<div class=\"elementor-element elementor-element-2e688ac elementor-widget elementor-widget-image\" data-id=\"2e688ac\" data-element_type=\"widget\" data-e-type=\"widget\" data-widget_type=\"image.default\">\n\t\t\t\t<div class=\"elementor-widget-container\">\n\t\t\t\t\t\t\t\t\t\t\t\t\t\t\t<img decoding=\"async\" src=\"https:\/\/www.q-lite.com\/wp-content\/uploads\/2020\/01\/the-hub-brunssum-indoor-led-display-panorama-2-scaled-1.jpg\" title=\"the-hub-brunssum-indoor-led-display-panorama-2\" alt=\"the-hub-brunssum-indoor-led-display-panorama-2\" loading=\"lazy\" \/>\t\t\t\t\t\t\t\t\t\t\t\t\t\t\t<\/div>\n\t\t\t\t<\/div>\n\t\t\t\t\t<\/div>\n\t\t<\/div>\n\t\t\t\t\t<\/div>\n\t\t<\/section>\n\t\t\t\t<section class=\"elementor-section elementor-top-section elementor-element elementor-element-297b8b1 elementor-section-boxed elementor-section-height-default elementor-section-height-default\" data-id=\"297b8b1\" data-element_type=\"section\" data-e-type=\"section\">\n\t\t\t\t\t\t<div class=\"elementor-container elementor-column-gap-default\">\n\t\t\t\t\t<div class=\"elementor-column elementor-col-100 elementor-top-column elementor-element elementor-element-bbd019e\" data-id=\"bbd019e\" data-element_type=\"column\" data-e-type=\"column\">\n\t\t\t<div class=\"elementor-widget-wrap elementor-element-populated\">\n\t\t\t\t\t\t<div class=\"elementor-element elementor-element-2e18a0d elementor-widget elementor-widget-heading\" data-id=\"2e18a0d\" data-element_type=\"widget\" data-e-type=\"widget\" data-widget_type=\"heading.default\">\n\t\t\t\t<div class=\"elementor-widget-container\">\n\t\t\t\t\t<h2 class=\"elementor-heading-title elementor-size-default\">Esp\u00e9rance de vie sup\u00e9rieure<\/h2>\t\t\t\t<\/div>\n\t\t\t\t<\/div>\n\t\t\t\t<div class=\"elementor-element elementor-element-48b7580 elementor-widget elementor-widget-text-editor\" data-id=\"48b7580\" data-element_type=\"widget\" data-e-type=\"widget\" data-widget_type=\"text-editor.default\">\n\t\t\t\t<div class=\"elementor-widget-container\">\n\t\t\t\t\t\t\t\t\t<p>Un \u00e9cran LED a une dur\u00e9e de vie plus longue qu&rsquo;un <a href=\"https:\/\/www.q-lite.com\/nl\/oplossingen\/lcd-schermen\/\">\u00e9cran LCD<\/a>. De plus, un \u00e9cran LED est plus facile \u00e0 entretenir et \u00e0 r\u00e9parer. Lorsque 1 des \u00e9crans LCD d&rsquo;un mur LCD est d\u00e9fectueux, il est presque impossible de le remplacer par le m\u00eame type apr\u00e8s 3 ans. Un nouvel \u00e9cran LCD sera \u00e9galement plus lumineux en couleur, rendant les anciens \u00e9crans LCD soudainement plus ternes.<\/p>\n\t\t\t\t\t\t\t\t<\/div>\n\t\t\t\t<\/div>\n\t\t\t\t<div class=\"elementor-element elementor-element-195e9cd elementor-widget elementor-widget-heading\" data-id=\"195e9cd\" data-element_type=\"widget\" data-e-type=\"widget\" data-widget_type=\"heading.default\">\n\t\t\t\t<div class=\"elementor-widget-container\">\n\t\t\t\t\t<h2 class=\"elementor-heading-title elementor-size-default\">Toujours lisible<\/h2>\t\t\t\t<\/div>\n\t\t\t\t<\/div>\n\t\t\t\t<div class=\"elementor-element elementor-element-2e5cad5 elementor-widget elementor-widget-text-editor\" data-id=\"2e5cad5\" data-element_type=\"widget\" data-e-type=\"widget\" data-widget_type=\"text-editor.default\">\n\t\t\t\t<div class=\"elementor-widget-container\">\n\t\t\t\t\t\t\t\t\t<p><span style=\"color: #333333; font-family: proxima-nova, 'Helvetica Neue', Helvetica, Arial, sans-serif;\">Le contr\u00f4le automatique de la lumi\u00e8re sur un \u00e9cran LED garantit que l&rsquo;intensit\u00e9 lumineuse est automatiquement ajust\u00e9e \u00e0 la quantit\u00e9 de lumi\u00e8re ambiante. Le contenu \u00e0 l&rsquo;\u00e9cran est donc facile \u00e0 lire dans toutes les conditions d&rsquo;\u00e9clairage.<\/span><\/p>\n\t\t\t\t\t\t\t\t<\/div>\n\t\t\t\t<\/div>\n\t\t\t\t<div class=\"elementor-element elementor-element-3bea053 elementor-widget elementor-widget-heading\" data-id=\"3bea053\" data-element_type=\"widget\" data-e-type=\"widget\" data-widget_type=\"heading.default\">\n\t\t\t\t<div class=\"elementor-widget-container\">\n\t\t\t\t\t<h2 class=\"elementor-heading-title elementor-size-default\">Solution totale<\/h2>\t\t\t\t<\/div>\n\t\t\t\t<\/div>\n\t\t\t\t<div class=\"elementor-element elementor-element-05c4ab4 elementor-widget elementor-widget-text-editor\" data-id=\"05c4ab4\" data-element_type=\"widget\" data-e-type=\"widget\" data-widget_type=\"text-editor.default\">\n\t\t\t\t<div class=\"elementor-widget-container\">\n\t\t\t\t\t\t\t\t\t<p>Il est important de choisir une solution globale dans laquelle l&rsquo;image, le contr\u00f4le et le son sont bien coordonn\u00e9s. Outre la num\u00e9risation de votre salle de r\u00e9union, cela est \u00e9galement possible pour votre <a href=\"https:\/\/www.q-lite.com\/nl\/portfolio\/cms-zaalverwijssysteem-van-der-valk-amersfoort\/\">syst\u00e8me de r\u00e9servation et de r\u00e9f\u00e9rencement de salle.<\/a> Et tout cela dans 1 syst\u00e8me.<\/p>\n\t\t\t\t\t\t\t\t<\/div>\n\t\t\t\t<\/div>\n\t\t\t\t\t<\/div>\n\t\t<\/div>\n\t\t\t\t\t<\/div>\n\t\t<\/section>\n\t\t\t\t<section class=\"elementor-section elementor-top-section elementor-element elementor-element-03b53cb elementor-section-boxed elementor-section-height-default elementor-section-height-default\" data-id=\"03b53cb\" data-element_type=\"section\" data-e-type=\"section\">\n\t\t\t\t\t\t<div class=\"elementor-container elementor-column-gap-default\">\n\t\t\t\t\t<div class=\"elementor-column elementor-col-100 elementor-top-column elementor-element elementor-element-fc487c7 dark\" data-id=\"fc487c7\" data-element_type=\"column\" data-e-type=\"column\" data-settings=\"{&quot;background_background&quot;:&quot;gradient&quot;}\">\n\t\t\t<div class=\"elementor-widget-wrap elementor-element-populated\">\n\t\t\t\t\t<div class=\"elementor-background-overlay\"><\/div>\n\t\t\t\t\t\t<section class=\"elementor-section elementor-inner-section elementor-element elementor-element-daeeefc elementor-section-boxed elementor-section-height-default elementor-section-height-default\" data-id=\"daeeefc\" data-element_type=\"section\" data-e-type=\"section\">\n\t\t\t\t\t\t<div class=\"elementor-container elementor-column-gap-default\">\n\t\t\t\t\t<div class=\"elementor-column elementor-col-33 elementor-inner-column elementor-element elementor-element-1b1f447\" data-id=\"1b1f447\" data-element_type=\"column\" data-e-type=\"column\">\n\t\t\t<div class=\"elementor-widget-wrap elementor-element-populated\">\n\t\t\t\t\t\t<div class=\"elementor-element elementor-element-6570c34 elementor-widget elementor-widget-heading\" data-id=\"6570c34\" data-element_type=\"widget\" data-e-type=\"widget\" data-widget_type=\"heading.default\">\n\t\t\t\t<div class=\"elementor-widget-container\">\n\t\t\t\t\t<h3 class=\"elementor-heading-title elementor-size-default\">Vous voulez en savoir plus ?<\/h3>\t\t\t\t<\/div>\n\t\t\t\t<\/div>\n\t\t\t\t<div class=\"elementor-element elementor-element-89916be elementor-widget elementor-widget-text-editor\" data-id=\"89916be\" data-element_type=\"widget\" data-e-type=\"widget\" data-widget_type=\"text-editor.default\">\n\t\t\t\t<div class=\"elementor-widget-container\">\n\t\t\t\t\t\t\t\t\t<p>Vous souhaitez en savoir plus sur les possibilit\u00e9s de la LED d&rsquo;int\u00e9rieur et pr\u00e9senter avec impact ? Contactez nos experts du march\u00e9 ou visitez notre centre d&rsquo;exp\u00e9rience unique.<\/p>\n\t\t\t\t\t\t\t\t<\/div>\n\t\t\t\t<\/div>\n\t\t\t\t<div class=\"elementor-element elementor-element-5a0dd56 elementor-widget elementor-widget-button\" data-id=\"5a0dd56\" data-element_type=\"widget\" data-e-type=\"widget\" data-widget_type=\"button.default\">\n\t\t\t\t<div class=\"elementor-widget-container\">\n\t\t\t\t\t\t\t\t\t<div class=\"elementor-button-wrapper\">\n\t\t\t\t\t<a class=\"elementor-button elementor-button-link elementor-size-sm\" href=\"https:\/\/www.q-lite.com\/nl\/contact\/\">\n\t\t\t\t\t\t<span class=\"elementor-button-content-wrapper\">\n\t\t\t\t\t\t<span class=\"elementor-button-icon\">\n\t\t\t\t<i aria-hidden=\"true\" class=\"fas fa-arrow-right\"><\/i>\t\t\t<\/span>\n\t\t\t\t\t\t\t\t\t<span class=\"elementor-button-text\">Je veux des conseils <\/span>\n\t\t\t\t\t<\/span>\n\t\t\t\t\t<\/a>\n\t\t\t\t<\/div>\n\t\t\t\t\t\t\t\t<\/div>\n\t\t\t\t<\/div>\n\t\t\t\t\t<\/div>\n\t\t<\/div>\n\t\t\t\t<div class=\"elementor-column elementor-col-33 elementor-inner-column elementor-element elementor-element-44daa32\" data-id=\"44daa32\" data-element_type=\"column\" data-e-type=\"column\">\n\t\t\t<div class=\"elementor-widget-wrap elementor-element-populated\">\n\t\t\t\t\t\t<div class=\"elementor-element elementor-element-7dff1cc elementor-widget elementor-widget-heading\" data-id=\"7dff1cc\" data-element_type=\"widget\" data-e-type=\"widget\" data-widget_type=\"heading.default\">\n\t\t\t\t<div class=\"elementor-widget-container\">\n\t\t\t\t\t<h4 class=\"elementor-heading-title elementor-size-default\">Plus d'infos?<\/h4>\t\t\t\t<\/div>\n\t\t\t\t<\/div>\n\t\t\t\t<div class=\"elementor-element elementor-element-2c54882 elementor-widget elementor-widget-text-editor\" data-id=\"2c54882\" data-element_type=\"widget\" data-e-type=\"widget\" data-widget_type=\"text-editor.default\">\n\t\t\t\t<div class=\"elementor-widget-container\">\n\t\t\t\t\t\t\t\t\t<p>Contactez notre conseiller :<\/p>\n\t\t\t\t\t\t\t\t<\/div>\n\t\t\t\t<\/div>\n\t\t\t\t<div class=\"elementor-element elementor-element-dd02af1 elementor-widget elementor-widget-image\" data-id=\"dd02af1\" data-element_type=\"widget\" data-e-type=\"widget\" data-widget_type=\"image.default\">\n\t\t\t\t<div class=\"elementor-widget-container\">\n\t\t\t\t\t\t\t\t\t\t\t\t\t\t\t<img decoding=\"async\" width=\"150\" height=\"150\" src=\"https:\/\/www.q-lite.com\/wp-content\/uploads\/2021\/01\/QLI_Personeelsfotos_15_03_2022_Social-Web_11-150x150.jpg\" class=\"attachment-thumbnail size-thumbnail wp-image-52040\" alt=\"Adviseur Arno Kessels\" srcset=\"https:\/\/www.q-lite.com\/wp-content\/uploads\/2021\/01\/QLI_Personeelsfotos_15_03_2022_Social-Web_11-150x150.jpg 150w, https:\/\/www.q-lite.com\/wp-content\/uploads\/2021\/01\/QLI_Personeelsfotos_15_03_2022_Social-Web_11-300x300.jpg 300w, https:\/\/www.q-lite.com\/wp-content\/uploads\/2021\/01\/QLI_Personeelsfotos_15_03_2022_Social-Web_11-1024x1024.jpg 1024w, https:\/\/www.q-lite.com\/wp-content\/uploads\/2021\/01\/QLI_Personeelsfotos_15_03_2022_Social-Web_11-768x768.jpg 768w, https:\/\/www.q-lite.com\/wp-content\/uploads\/2021\/01\/QLI_Personeelsfotos_15_03_2022_Social-Web_11-1536x1536.jpg 1536w, https:\/\/www.q-lite.com\/wp-content\/uploads\/2021\/01\/QLI_Personeelsfotos_15_03_2022_Social-Web_11.jpg 1920w\" sizes=\"(max-width: 150px) 100vw, 150px\" \/>\t\t\t\t\t\t\t\t\t\t\t\t\t\t\t<\/div>\n\t\t\t\t<\/div>\n\t\t\t\t\t<\/div>\n\t\t<\/div>\n\t\t\t\t<div class=\"elementor-column elementor-col-33 elementor-inner-column elementor-element elementor-element-1e9099d\" data-id=\"1e9099d\" data-element_type=\"column\" data-e-type=\"column\">\n\t\t\t<div class=\"elementor-widget-wrap elementor-element-populated\">\n\t\t\t\t\t\t<div class=\"elementor-element elementor-element-7dff137 elementor-widget elementor-widget-text-editor\" data-id=\"7dff137\" data-element_type=\"widget\" data-e-type=\"widget\" data-widget_type=\"text-editor.default\">\n\t\t\t\t<div class=\"elementor-widget-container\">\n\t\t\t\t\t\t\t\t\t<\/p>\n<\/p>\n<p><strong>Arno Kessels<\/strong><br \/><a href=\"mailto:arno.kessels@q-lite.com\">arno.kessels@q-lite.com<\/a><br \/><a href=\"tel:+31653795895\">+31 6 53 79 58 95<\/a><\/p>\n\t\t\t\t\t\t\t\t<\/div>\n\t\t\t\t<\/div>\n\t\t\t\t\t<\/div>\n\t\t<\/div>\n\t\t\t\t\t<\/div>\n\t\t<\/section>\n\t\t\t\t\t<\/div>\n\t\t<\/div>\n\t\t\t\t\t<\/div>\n\t\t<\/section>\n\t\t\t\t<\/div>\n\t\t","protected":false},"excerpt":{"rendered":"<p>Les \u00e9crans LED sont de plus en plus pr\u00e9sents dans les salles de conseil et de r\u00e9union. Et cela a du sens car c&rsquo;est la solution id\u00e9ale pour les vid\u00e9oconf\u00e9rences et les pr\u00e9sentations. Un \u00e9cran LED est homog\u00e8ne et offre une luminosit\u00e9 \u00e9lev\u00e9e, un bon rapport de contraste et une image color\u00e9e. Haute luminosit\u00e9, bon [&hellip;]<\/p>\n","protected":false},"author":4,"featured_media":51290,"comment_status":"closed","ping_status":"closed","sticky":false,"template":"","format":"standard","meta":{"_acf_changed":false,"footnotes":""},"categories":[1],"tags":[],"class_list":["post-54440","post","type-post","status-publish","format-standard","has-post-thumbnail","hentry","category-blog"],"acf":[],"yoast_head":"<!-- This site is optimized with the Yoast SEO plugin v27.1.1 - https:\/\/yoast.com\/product\/yoast-seo-wordpress\/ -->\n<title>La solution id\u00e9ale pour les vid\u00e9oconf\u00e9rences et les pr\u00e9sentations dans les salles de r\u00e9union | Q-lite<\/title>\n<meta name=\"robots\" content=\"index, follow, max-snippet:-1, max-image-preview:large, max-video-preview:-1\" \/>\n<link rel=\"canonical\" href=\"https:\/\/www.q-lite.com\/fr\/blog\/la-solution-ideale-pour-les-videoconferences-et-les-presentations-dans-les-salles-de-reunion\/\" \/>\n<meta property=\"og:locale\" content=\"fr_FR\" \/>\n<meta property=\"og:type\" content=\"article\" \/>\n<meta property=\"og:title\" content=\"La solution id\u00e9ale pour les vid\u00e9oconf\u00e9rences et les pr\u00e9sentations dans les salles de r\u00e9union | Q-lite\" \/>\n<meta property=\"og:description\" content=\"Les \u00e9crans LED sont de plus en plus pr\u00e9sents dans les salles de conseil et de r\u00e9union. Et cela a du sens car c&rsquo;est la solution id\u00e9ale pour les vid\u00e9oconf\u00e9rences et les pr\u00e9sentations. Un \u00e9cran LED est homog\u00e8ne et offre une luminosit\u00e9 \u00e9lev\u00e9e, un bon rapport de contraste et une image color\u00e9e. Haute luminosit\u00e9, bon [&hellip;]\" \/>\n<meta property=\"og:url\" content=\"https:\/\/www.q-lite.com\/fr\/blog\/la-solution-ideale-pour-les-videoconferences-et-les-presentations-dans-les-salles-de-reunion\/\" \/>\n<meta property=\"og:site_name\" content=\"Q-lite\" \/>\n<meta property=\"article:publisher\" content=\"https:\/\/www.facebook.com\/qlite.led\/\" \/>\n<meta property=\"article:published_time\" content=\"2021-02-01T10:33:00+00:00\" \/>\n<meta property=\"article:modified_time\" content=\"2023-01-13T15:22:42+00:00\" \/>\n<meta property=\"og:image\" content=\"https:\/\/www.q-lite.com\/wp-content\/uploads\/2021\/02\/header-bg-boardroom.jpg\" \/>\n\t<meta property=\"og:image:width\" content=\"2560\" \/>\n\t<meta property=\"og:image:height\" content=\"960\" \/>\n\t<meta property=\"og:image:type\" content=\"image\/jpeg\" \/>\n<meta name=\"author\" content=\"kim\" \/>\n<meta name=\"twitter:card\" content=\"summary_large_image\" \/>\n<script type=\"application\/ld+json\" class=\"yoast-schema-graph\">{\"@context\":\"https:\/\/schema.org\",\"@graph\":[{\"@type\":\"Article\",\"@id\":\"https:\/\/www.q-lite.com\/fr\/blog\/la-solution-ideale-pour-les-videoconferences-et-les-presentations-dans-les-salles-de-reunion\/#article\",\"isPartOf\":{\"@id\":\"https:\/\/www.q-lite.com\/fr\/blog\/la-solution-ideale-pour-les-videoconferences-et-les-presentations-dans-les-salles-de-reunion\/\"},\"author\":{\"name\":\"kim\",\"@id\":\"https:\/\/www.q-lite.com\/fr\/#\/schema\/person\/d4d001a6e838e95ff37a759ef2abf947\"},\"headline\":\"La solution id\u00e9ale pour les vid\u00e9oconf\u00e9rences et les pr\u00e9sentations dans les salles de r\u00e9union\",\"datePublished\":\"2021-02-01T10:33:00+00:00\",\"dateModified\":\"2023-01-13T15:22:42+00:00\",\"mainEntityOfPage\":{\"@id\":\"https:\/\/www.q-lite.com\/fr\/blog\/la-solution-ideale-pour-les-videoconferences-et-les-presentations-dans-les-salles-de-reunion\/\"},\"wordCount\":631,\"publisher\":{\"@id\":\"https:\/\/www.q-lite.com\/fr\/#organization\"},\"image\":{\"@id\":\"https:\/\/www.q-lite.com\/fr\/blog\/la-solution-ideale-pour-les-videoconferences-et-les-presentations-dans-les-salles-de-reunion\/#primaryimage\"},\"thumbnailUrl\":\"https:\/\/www.q-lite.com\/wp-content\/uploads\/2021\/02\/header-bg-boardroom.jpg\",\"articleSection\":[\"Blog\"],\"inLanguage\":\"fr-FR\"},{\"@type\":\"WebPage\",\"@id\":\"https:\/\/www.q-lite.com\/fr\/blog\/la-solution-ideale-pour-les-videoconferences-et-les-presentations-dans-les-salles-de-reunion\/\",\"url\":\"https:\/\/www.q-lite.com\/fr\/blog\/la-solution-ideale-pour-les-videoconferences-et-les-presentations-dans-les-salles-de-reunion\/\",\"name\":\"La solution id\u00e9ale pour les vid\u00e9oconf\u00e9rences et les pr\u00e9sentations dans les salles de r\u00e9union | Q-lite\",\"isPartOf\":{\"@id\":\"https:\/\/www.q-lite.com\/fr\/#website\"},\"primaryImageOfPage\":{\"@id\":\"https:\/\/www.q-lite.com\/fr\/blog\/la-solution-ideale-pour-les-videoconferences-et-les-presentations-dans-les-salles-de-reunion\/#primaryimage\"},\"image\":{\"@id\":\"https:\/\/www.q-lite.com\/fr\/blog\/la-solution-ideale-pour-les-videoconferences-et-les-presentations-dans-les-salles-de-reunion\/#primaryimage\"},\"thumbnailUrl\":\"https:\/\/www.q-lite.com\/wp-content\/uploads\/2021\/02\/header-bg-boardroom.jpg\",\"datePublished\":\"2021-02-01T10:33:00+00:00\",\"dateModified\":\"2023-01-13T15:22:42+00:00\",\"breadcrumb\":{\"@id\":\"https:\/\/www.q-lite.com\/fr\/blog\/la-solution-ideale-pour-les-videoconferences-et-les-presentations-dans-les-salles-de-reunion\/#breadcrumb\"},\"inLanguage\":\"fr-FR\",\"potentialAction\":[{\"@type\":\"ReadAction\",\"target\":[\"https:\/\/www.q-lite.com\/fr\/blog\/la-solution-ideale-pour-les-videoconferences-et-les-presentations-dans-les-salles-de-reunion\/\"]}]},{\"@type\":\"ImageObject\",\"inLanguage\":\"fr-FR\",\"@id\":\"https:\/\/www.q-lite.com\/fr\/blog\/la-solution-ideale-pour-les-videoconferences-et-les-presentations-dans-les-salles-de-reunion\/#primaryimage\",\"url\":\"https:\/\/www.q-lite.com\/wp-content\/uploads\/2021\/02\/header-bg-boardroom.jpg\",\"contentUrl\":\"https:\/\/www.q-lite.com\/wp-content\/uploads\/2021\/02\/header-bg-boardroom.jpg\",\"width\":2560,\"height\":960},{\"@type\":\"BreadcrumbList\",\"@id\":\"https:\/\/www.q-lite.com\/fr\/blog\/la-solution-ideale-pour-les-videoconferences-et-les-presentations-dans-les-salles-de-reunion\/#breadcrumb\",\"itemListElement\":[{\"@type\":\"ListItem\",\"position\":1,\"name\":\"Home\",\"item\":\"https:\/\/www.q-lite.com\/fr\/\"},{\"@type\":\"ListItem\",\"position\":2,\"name\":\"La solution id\u00e9ale pour les vid\u00e9oconf\u00e9rences et les pr\u00e9sentations dans les salles de r\u00e9union\"}]},{\"@type\":\"WebSite\",\"@id\":\"https:\/\/www.q-lite.com\/fr\/#website\",\"url\":\"https:\/\/www.q-lite.com\/fr\/\",\"name\":\"Q-lite\",\"description\":\"The Smartest Kind of Attention\",\"publisher\":{\"@id\":\"https:\/\/www.q-lite.com\/fr\/#organization\"},\"potentialAction\":[{\"@type\":\"SearchAction\",\"target\":{\"@type\":\"EntryPoint\",\"urlTemplate\":\"https:\/\/www.q-lite.com\/fr\/?s={search_term_string}\"},\"query-input\":{\"@type\":\"PropertyValueSpecification\",\"valueRequired\":true,\"valueName\":\"search_term_string\"}}],\"inLanguage\":\"fr-FR\"},{\"@type\":\"Organization\",\"@id\":\"https:\/\/www.q-lite.com\/fr\/#organization\",\"name\":\"Q-lite\",\"url\":\"https:\/\/www.q-lite.com\/fr\/\",\"logo\":{\"@type\":\"ImageObject\",\"inLanguage\":\"fr-FR\",\"@id\":\"https:\/\/www.q-lite.com\/fr\/#\/schema\/logo\/image\/\",\"url\":\"https:\/\/www.q-lite.com\/wp-content\/uploads\/2020\/11\/Q-LITE-LOGO-RGB-background-gradient-baseline.png\",\"contentUrl\":\"https:\/\/www.q-lite.com\/wp-content\/uploads\/2020\/11\/Q-LITE-LOGO-RGB-background-gradient-baseline.png\",\"width\":1200,\"height\":900,\"caption\":\"Q-lite\"},\"image\":{\"@id\":\"https:\/\/www.q-lite.com\/fr\/#\/schema\/logo\/image\/\"},\"sameAs\":[\"https:\/\/www.facebook.com\/qlite.led\/\",\"https:\/\/www.instagram.com\/qlite.led\/\",\"https:\/\/www.linkedin.com\/company\/q-lite\/\",\"https:\/\/www.youtube.com\/@q-lite\"]},{\"@type\":\"Person\",\"@id\":\"https:\/\/www.q-lite.com\/fr\/#\/schema\/person\/d4d001a6e838e95ff37a759ef2abf947\",\"name\":\"kim\",\"image\":{\"@type\":\"ImageObject\",\"inLanguage\":\"fr-FR\",\"@id\":\"https:\/\/www.q-lite.com\/fr\/#\/schema\/person\/image\/\",\"url\":\"https:\/\/secure.gravatar.com\/avatar\/940a3b39b560bf47836903d0e905d7bc70cedf153f80b72a3bd9078907e587cf?s=96&d=mm&r=g\",\"contentUrl\":\"https:\/\/secure.gravatar.com\/avatar\/940a3b39b560bf47836903d0e905d7bc70cedf153f80b72a3bd9078907e587cf?s=96&d=mm&r=g\",\"caption\":\"kim\"}}]}<\/script>\n<!-- \/ Yoast SEO plugin. -->","yoast_head_json":{"title":"La solution id\u00e9ale pour les vid\u00e9oconf\u00e9rences et les pr\u00e9sentations dans les salles de r\u00e9union | Q-lite","robots":{"index":"index","follow":"follow","max-snippet":"max-snippet:-1","max-image-preview":"max-image-preview:large","max-video-preview":"max-video-preview:-1"},"canonical":"https:\/\/www.q-lite.com\/fr\/blog\/la-solution-ideale-pour-les-videoconferences-et-les-presentations-dans-les-salles-de-reunion\/","og_locale":"fr_FR","og_type":"article","og_title":"La solution id\u00e9ale pour les vid\u00e9oconf\u00e9rences et les pr\u00e9sentations dans les salles de r\u00e9union | Q-lite","og_description":"Les \u00e9crans LED sont de plus en plus pr\u00e9sents dans les salles de conseil et de r\u00e9union. Et cela a du sens car c&rsquo;est la solution id\u00e9ale pour les vid\u00e9oconf\u00e9rences et les pr\u00e9sentations. Un \u00e9cran LED est homog\u00e8ne et offre une luminosit\u00e9 \u00e9lev\u00e9e, un bon rapport de contraste et une image color\u00e9e. Haute luminosit\u00e9, bon [&hellip;]","og_url":"https:\/\/www.q-lite.com\/fr\/blog\/la-solution-ideale-pour-les-videoconferences-et-les-presentations-dans-les-salles-de-reunion\/","og_site_name":"Q-lite","article_publisher":"https:\/\/www.facebook.com\/qlite.led\/","article_published_time":"2021-02-01T10:33:00+00:00","article_modified_time":"2023-01-13T15:22:42+00:00","og_image":[{"width":2560,"height":960,"url":"https:\/\/www.q-lite.com\/wp-content\/uploads\/2021\/02\/header-bg-boardroom.jpg","type":"image\/jpeg"}],"author":"kim","twitter_card":"summary_large_image","schema":{"@context":"https:\/\/schema.org","@graph":[{"@type":"Article","@id":"https:\/\/www.q-lite.com\/fr\/blog\/la-solution-ideale-pour-les-videoconferences-et-les-presentations-dans-les-salles-de-reunion\/#article","isPartOf":{"@id":"https:\/\/www.q-lite.com\/fr\/blog\/la-solution-ideale-pour-les-videoconferences-et-les-presentations-dans-les-salles-de-reunion\/"},"author":{"name":"kim","@id":"https:\/\/www.q-lite.com\/fr\/#\/schema\/person\/d4d001a6e838e95ff37a759ef2abf947"},"headline":"La solution id\u00e9ale pour les vid\u00e9oconf\u00e9rences et les pr\u00e9sentations dans les salles de r\u00e9union","datePublished":"2021-02-01T10:33:00+00:00","dateModified":"2023-01-13T15:22:42+00:00","mainEntityOfPage":{"@id":"https:\/\/www.q-lite.com\/fr\/blog\/la-solution-ideale-pour-les-videoconferences-et-les-presentations-dans-les-salles-de-reunion\/"},"wordCount":631,"publisher":{"@id":"https:\/\/www.q-lite.com\/fr\/#organization"},"image":{"@id":"https:\/\/www.q-lite.com\/fr\/blog\/la-solution-ideale-pour-les-videoconferences-et-les-presentations-dans-les-salles-de-reunion\/#primaryimage"},"thumbnailUrl":"https:\/\/www.q-lite.com\/wp-content\/uploads\/2021\/02\/header-bg-boardroom.jpg","articleSection":["Blog"],"inLanguage":"fr-FR"},{"@type":"WebPage","@id":"https:\/\/www.q-lite.com\/fr\/blog\/la-solution-ideale-pour-les-videoconferences-et-les-presentations-dans-les-salles-de-reunion\/","url":"https:\/\/www.q-lite.com\/fr\/blog\/la-solution-ideale-pour-les-videoconferences-et-les-presentations-dans-les-salles-de-reunion\/","name":"La solution id\u00e9ale pour les vid\u00e9oconf\u00e9rences et les pr\u00e9sentations dans les salles de r\u00e9union | Q-lite","isPartOf":{"@id":"https:\/\/www.q-lite.com\/fr\/#website"},"primaryImageOfPage":{"@id":"https:\/\/www.q-lite.com\/fr\/blog\/la-solution-ideale-pour-les-videoconferences-et-les-presentations-dans-les-salles-de-reunion\/#primaryimage"},"image":{"@id":"https:\/\/www.q-lite.com\/fr\/blog\/la-solution-ideale-pour-les-videoconferences-et-les-presentations-dans-les-salles-de-reunion\/#primaryimage"},"thumbnailUrl":"https:\/\/www.q-lite.com\/wp-content\/uploads\/2021\/02\/header-bg-boardroom.jpg","datePublished":"2021-02-01T10:33:00+00:00","dateModified":"2023-01-13T15:22:42+00:00","breadcrumb":{"@id":"https:\/\/www.q-lite.com\/fr\/blog\/la-solution-ideale-pour-les-videoconferences-et-les-presentations-dans-les-salles-de-reunion\/#breadcrumb"},"inLanguage":"fr-FR","potentialAction":[{"@type":"ReadAction","target":["https:\/\/www.q-lite.com\/fr\/blog\/la-solution-ideale-pour-les-videoconferences-et-les-presentations-dans-les-salles-de-reunion\/"]}]},{"@type":"ImageObject","inLanguage":"fr-FR","@id":"https:\/\/www.q-lite.com\/fr\/blog\/la-solution-ideale-pour-les-videoconferences-et-les-presentations-dans-les-salles-de-reunion\/#primaryimage","url":"https:\/\/www.q-lite.com\/wp-content\/uploads\/2021\/02\/header-bg-boardroom.jpg","contentUrl":"https:\/\/www.q-lite.com\/wp-content\/uploads\/2021\/02\/header-bg-boardroom.jpg","width":2560,"height":960},{"@type":"BreadcrumbList","@id":"https:\/\/www.q-lite.com\/fr\/blog\/la-solution-ideale-pour-les-videoconferences-et-les-presentations-dans-les-salles-de-reunion\/#breadcrumb","itemListElement":[{"@type":"ListItem","position":1,"name":"Home","item":"https:\/\/www.q-lite.com\/fr\/"},{"@type":"ListItem","position":2,"name":"La solution id\u00e9ale pour les vid\u00e9oconf\u00e9rences et les pr\u00e9sentations dans les salles de r\u00e9union"}]},{"@type":"WebSite","@id":"https:\/\/www.q-lite.com\/fr\/#website","url":"https:\/\/www.q-lite.com\/fr\/","name":"Q-lite","description":"The Smartest Kind of Attention","publisher":{"@id":"https:\/\/www.q-lite.com\/fr\/#organization"},"potentialAction":[{"@type":"SearchAction","target":{"@type":"EntryPoint","urlTemplate":"https:\/\/www.q-lite.com\/fr\/?s={search_term_string}"},"query-input":{"@type":"PropertyValueSpecification","valueRequired":true,"valueName":"search_term_string"}}],"inLanguage":"fr-FR"},{"@type":"Organization","@id":"https:\/\/www.q-lite.com\/fr\/#organization","name":"Q-lite","url":"https:\/\/www.q-lite.com\/fr\/","logo":{"@type":"ImageObject","inLanguage":"fr-FR","@id":"https:\/\/www.q-lite.com\/fr\/#\/schema\/logo\/image\/","url":"https:\/\/www.q-lite.com\/wp-content\/uploads\/2020\/11\/Q-LITE-LOGO-RGB-background-gradient-baseline.png","contentUrl":"https:\/\/www.q-lite.com\/wp-content\/uploads\/2020\/11\/Q-LITE-LOGO-RGB-background-gradient-baseline.png","width":1200,"height":900,"caption":"Q-lite"},"image":{"@id":"https:\/\/www.q-lite.com\/fr\/#\/schema\/logo\/image\/"},"sameAs":["https:\/\/www.facebook.com\/qlite.led\/","https:\/\/www.instagram.com\/qlite.led\/","https:\/\/www.linkedin.com\/company\/q-lite\/","https:\/\/www.youtube.com\/@q-lite"]},{"@type":"Person","@id":"https:\/\/www.q-lite.com\/fr\/#\/schema\/person\/d4d001a6e838e95ff37a759ef2abf947","name":"kim","image":{"@type":"ImageObject","inLanguage":"fr-FR","@id":"https:\/\/www.q-lite.com\/fr\/#\/schema\/person\/image\/","url":"https:\/\/secure.gravatar.com\/avatar\/940a3b39b560bf47836903d0e905d7bc70cedf153f80b72a3bd9078907e587cf?s=96&d=mm&r=g","contentUrl":"https:\/\/secure.gravatar.com\/avatar\/940a3b39b560bf47836903d0e905d7bc70cedf153f80b72a3bd9078907e587cf?s=96&d=mm&r=g","caption":"kim"}}]}},"_links":{"self":[{"href":"https:\/\/www.q-lite.com\/fr\/wp-json\/wp\/v2\/posts\/54440","targetHints":{"allow":["GET"]}}],"collection":[{"href":"https:\/\/www.q-lite.com\/fr\/wp-json\/wp\/v2\/posts"}],"about":[{"href":"https:\/\/www.q-lite.com\/fr\/wp-json\/wp\/v2\/types\/post"}],"author":[{"embeddable":true,"href":"https:\/\/www.q-lite.com\/fr\/wp-json\/wp\/v2\/users\/4"}],"replies":[{"embeddable":true,"href":"https:\/\/www.q-lite.com\/fr\/wp-json\/wp\/v2\/comments?post=54440"}],"version-history":[{"count":0,"href":"https:\/\/www.q-lite.com\/fr\/wp-json\/wp\/v2\/posts\/54440\/revisions"}],"wp:featuredmedia":[{"embeddable":true,"href":"https:\/\/www.q-lite.com\/fr\/wp-json\/wp\/v2\/media\/51290"}],"wp:attachment":[{"href":"https:\/\/www.q-lite.com\/fr\/wp-json\/wp\/v2\/media?parent=54440"}],"wp:term":[{"taxonomy":"category","embeddable":true,"href":"https:\/\/www.q-lite.com\/fr\/wp-json\/wp\/v2\/categories?post=54440"},{"taxonomy":"post_tag","embeddable":true,"href":"https:\/\/www.q-lite.com\/fr\/wp-json\/wp\/v2\/tags?post=54440"}],"curies":[{"name":"wp","href":"https:\/\/api.w.org\/{rel}","templated":true}]}}